{"id":9679,"date":"2022-07-11T00:43:51","date_gmt":"2022-07-10T22:43:51","guid":{"rendered":"https:\/\/www.hallo-wippingen.de\/wp\/?p=9679"},"modified":"2022-07-11T00:52:19","modified_gmt":"2022-07-10T22:52:19","slug":"bauernproteste-auf-a-31","status":"publish","type":"post","link":"https:\/\/www.hallo-wippingen.de\/wp\/2022\/07\/bauernproteste-auf-a-31\/","title":{"rendered":"Bauernproteste auf A 31"},"content":{"rendered":"\n<div class=\"wp-block-image\"><figure class=\"alignleft size-thumbnail\"><a href=\"https:\/\/www.hallo-wippingen.de\/wp\/wp-content\/uploads\/2022\/07\/wesuwe.jpg\" target=\"_blank\" rel=\"noopener\"><img loading=\"lazy\" width=\"150\" height=\"150\" src=\"https:\/\/www.hallo-wippingen.de\/wp\/wp-content\/uploads\/2022\/07\/wesuwe-150x150.jpg\" alt=\"Bauernprotest an der A31 bei Wesuwe\" class=\"wp-image-9682\"\/><\/a><figcaption>Bauernprotest bei Wesuwe<\/figcaption><\/figure><\/div>\n\n\n\n<div class=\"wp-block-image\"><figure class=\"alignright size-large is-resized\"><a href=\"https:\/\/www.hallo-wippingen.de\/wp\/wp-content\/uploads\/2022\/07\/geeste-scaled.jpg\" target=\"_blank\" rel=\"noopener\"><img loading=\"lazy\" src=\"https:\/\/www.hallo-wippingen.de\/wp\/wp-content\/uploads\/2022\/07\/geeste-1024x239.jpg\" alt=\"\" class=\"wp-image-9681\" width=\"256\" height=\"60\" srcset=\"https:\/\/www.hallo-wippingen.de\/wp\/wp-content\/uploads\/2022\/07\/geeste-1024x239.jpg 1024w, https:\/\/www.hallo-wippingen.de\/wp\/wp-content\/uploads\/2022\/07\/geeste-300x70.jpg 300w, https:\/\/www.hallo-wippingen.de\/wp\/wp-content\/uploads\/2022\/07\/geeste-768x179.jpg 768w, https:\/\/www.hallo-wippingen.de\/wp\/wp-content\/uploads\/2022\/07\/geeste-1536x358.jpg 1536w, https:\/\/www.hallo-wippingen.de\/wp\/wp-content\/uploads\/2022\/07\/geeste-2048x477.jpg 2048w, https:\/\/www.hallo-wippingen.de\/wp\/wp-content\/uploads\/2022\/07\/geeste-150x35.jpg 150w, https:\/\/www.hallo-wippingen.de\/wp\/wp-content\/uploads\/2022\/07\/geeste-400x93.jpg 400w\" sizes=\"(max-width: 256px) 100vw, 256px\" \/><\/a><figcaption>Bauernprotest bei Geeste<\/figcaption><\/figure><\/div>\n\n\n\n<p>Die Proteste der holl\u00e4ndischen Bauern gegen die Auflagen zur Stickstoffreduktion treffen hier in Deutschland auf die Solidarit\u00e4t der Bauernvereinigung &#8222;Land schafft Verbindung&#8220;. Heute machten die Bauern auf mindestens f\u00fcnf Autobahnbr\u00fccken der A31 mit Plakaten, z. B. &#8222;No Farmer, no Food&#8220;, und Treckern mit laufenden Warnblinkanlagen ihre Solidarit\u00e4t deutlich. Der Kampf gegen die hohen Stickstoffemissionen trifft in den Niederlanden nicht nur die Bauern, sondern auch den zweiten hohen Stickstoffemittenten, den Stra\u00dfenverkehr.<\/p>\n\n\n\n<p>F\u00fcr viele niederl\u00e4ndische Bauern sind diese Auflagen eine Existenzfrage. Die deutschen Bauern &#8211; obwohl davon nicht betroffen &#8211; f\u00fchlen mit ihren KollegInnen, weil auch hier ein Umbau zu mehr \u00d6Kologie und Tierschutz ansteht. Die Bauern sehen sich hier in \u00e4hnlicher Weise bedr\u00e4ngt.<\/p>\n\n\n\n<p>Dass die Bauern von dem ganz &#8222;normalen&#8220; Prozess des kapitalistischen Konzentrationsprozesses (der Gro\u00dfe schluckt den Kleinen) betroffen sind, was gemeinhin besch\u00f6nigendend als &#8222;Strukturwandel&#8220; bezeichnet wird, ist eher nicht im Blickfeld der Bauernproteste. Auch dass immer mehr freies Kapital in die Landwirtschaft eindringt und die Bauern durch industrialisierte Formen der Landwirtschaft unter Konkurrenzdruck bringt, ist kaum ein Thema. In Zeiten der Expansion, z. B. als China als Exportmarkt f\u00fcr die deutschen Schweinem\u00e4ster ein gro\u00dfer Absatzmarkt war, glaubten die Bauern, dass die Orientierung auf den Weltmarkt der gro\u00dfe Gl\u00fccksbringer sei. Jetzt wo der Export als Folge der Schweinepest in Deutschland eingebrochen ist, orientieren sich die Bauern auf den heimischen Markt und f\u00fchlen sich bedr\u00e4ngt. <\/p>\n\n\n\n<p>Als Ziel der Proteste werden die aktuellen Umstellungsprobleme mit den \u00f6kologischen Anforderungen genommen. Dabei k\u00f6nnten die \u00f6kologischen Anforderungen einen Schutz vor dem Konzentrationsprozess in der Landwirtschaft bieten. Die hiesigen Eierproduzenten haben diesen Weg schon beschritten. Denn \u00f6kologische, nicht industrialisierte Landwirtschaft, l\u00e4sst sich nicht so leicht von kapitalstarken Investoren aus au\u00dferlandwirtschaftlichen Bereichen, \u00fcbernehmen. Und die Betriebe k\u00f6nnen nicht so stark (auf Kosten der KollegInnen) wachsen.<\/p>\n\n\n\n<p>Ob die holl\u00e4ndischen Landwirte, die schon lange als landwirtschaftliche Industrie bezeichnet werden k\u00f6nnen, hier wirklich vorbildhaft f\u00fcr die K\u00e4mpfe der hiesigen Landwirte sein  k\u00f6nnen, darf bezweifelt werden. Dass die Landwirtschaftspolitik in Deutschland der b\u00e4uerlichen Landwirtschaft Perspektiven bietet, aber genauso. Der Drang, die holl\u00e4ndischen KollegInnen zu unterst\u00fctzen, ist also verst\u00e4ndlich &#8211; die Frage ist nur, ob es denn wirklich hilft: ihnen und den Bauern hier. [<em>jdm<\/em>]<\/p>\n","protected":false},"excerpt":{"rendered":"<p>Die Proteste der holl\u00e4ndischen Bauern gegen die Auflagen zur Stickstoffreduktion treffen hier in Deutschland auf die Solidarit\u00e4t der Bauernvereinigung &#8222;Land schafft Verbindung&#8220;. Heute machten die Bauern auf mindestens f\u00fcnf Autobahnbr\u00fccken der A31 mit Plakaten, z. B. &#8222;No Farmer, no Food&#8220;, und Treckern mit laufenden Warnblinkanlagen ihre Solidarit\u00e4t deutlich. Der Kampf gegen die hohen Stickstoffemissionen trifft [&hellip;]<\/p>\n","protected":false},"author":3,"featured_media":0,"comment_status":"closed","ping_status":"closed","sticky":false,"template":"","format":"standard","meta":[],"categories":[393],"tags":[1321],"_links":{"self":[{"href":"https:\/\/www.hallo-wippingen.de\/wp\/wp-json\/wp\/v2\/posts\/9679"}],"collection":[{"href":"https:\/\/www.hallo-wippingen.de\/wp\/wp-json\/wp\/v2\/posts"}],"about":[{"href":"https:\/\/www.hallo-wippingen.de\/wp\/wp-json\/wp\/v2\/types\/post"}],"author":[{"embeddable":true,"href":"https:\/\/www.hallo-wippingen.de\/wp\/wp-json\/wp\/v2\/users\/3"}],"replies":[{"embeddable":true,"href":"https:\/\/www.hallo-wippingen.de\/wp\/wp-json\/wp\/v2\/comments?post=9679"}],"version-history":[{"count":9,"href":"https:\/\/www.hallo-wippingen.de\/wp\/wp-json\/wp\/v2\/posts\/9679\/revisions"}],"predecessor-version":[{"id":9694,"href":"https:\/\/www.hallo-wippingen.de\/wp\/wp-json\/wp\/v2\/posts\/9679\/revisions\/9694"}],"wp:attachment":[{"href":"https:\/\/www.hallo-wippingen.de\/wp\/wp-json\/wp\/v2\/media?parent=9679"}],"wp:term":[{"taxonomy":"category","embeddable":true,"href":"https:\/\/www.hallo-wippingen.de\/wp\/wp-json\/wp\/v2\/categories?post=9679"},{"taxonomy":"post_tag","embeddable":true,"href":"https:\/\/www.hallo-wippingen.de\/wp\/wp-json\/wp\/v2\/tags?post=9679"}],"curies":[{"name":"wp","href":"https:\/\/api.w.org\/{rel}","templated":true}]}}