{"id":9625,"date":"2022-07-03T20:02:40","date_gmt":"2022-07-03T18:02:40","guid":{"rendered":"https:\/\/www.hallo-wippingen.de\/wp\/?p=9625"},"modified":"2022-07-03T20:02:41","modified_gmt":"2022-07-03T18:02:41","slug":"zum-schuljahr-22-23-start-des-kostenlosen-emsland-jugendtickets","status":"publish","type":"post","link":"https:\/\/www.hallo-wippingen.de\/wp\/2022\/07\/zum-schuljahr-22-23-start-des-kostenlosen-emsland-jugendtickets\/","title":{"rendered":"Zum Schuljahr 22\/23: Start des kostenlosen Emsland Jugendtickets"},"content":{"rendered":"\n<p>Im Landkreis Emsland kommt das Emsland Jugendticket mit Beginn des neuen Schuljahres 2022\/23. Das hat der Ausschuss f\u00fcr Kreisentwicklung in seiner vergangenen Sitzung beschlossen. Berechtigt f\u00fcr die kostenlose Nutzung des \u00d6ffentlichen Personennahverkehrs (\u00d6PNV) (bis auf Weiteres <strong>au\u00dfer Bahnverkehr<\/strong>) sind etwa 41.000 Sch\u00fclerinnen und Sch\u00fcler, die ohne eigenes Einkommen sind und keinen Anspruch auf BAf\u00f6G oder \u00e4hnliches haben. Alle anderen Sch\u00fclerinnen und Sch\u00fcler, Azubis oder Freiwilligendienstleistende k\u00f6nnen das Ticket f\u00fcr 240 Euro im Jahresabo erwerben. \u201eDieses Projekt hat Modellcharakter. Es geht hier um die Verkehrswende in Richtung \u00d6PNV\u201c, ordnet der zust\u00e4ndige Kreisdezernent Michael Steffens die Bedeutung des Angebots ein. <a rel=\"noreferrer noopener\" href=\"https:\/\/www.emsland.de\/buerger-behoerde\/aktuell\/pressemitteilungen\/start-des-emsland-jugendtickets-steht-bevor.html\" target=\"_blank\">Mehr dazu auf www.emsland.de&#8230;<\/a> . [<em>Landkreis Emsland<\/em>]<\/p>\n","protected":false},"excerpt":{"rendered":"<p>Im Landkreis Emsland kommt das Emsland Jugendticket mit Beginn des neuen Schuljahres 2022\/23. Das hat der Ausschuss f\u00fcr Kreisentwicklung in seiner vergangenen Sitzung beschlossen. Berechtigt f\u00fcr die kostenlose Nutzung des \u00d6ffentlichen Personennahverkehrs (\u00d6PNV) (bis auf Weiteres au\u00dfer Bahnverkehr) sind etwa 41.000 Sch\u00fclerinnen und Sch\u00fcler, die ohne eigenes Einkommen sind und keinen Anspruch auf BAf\u00f6G oder [&hellip;]<\/p>\n","protected":false},"author":3,"featured_media":0,"comment_status":"closed","ping_status":"closed","sticky":false,"template":"","format":"standard","meta":[],"categories":[32,31],"tags":[1315,1119],"_links":{"self":[{"href":"https:\/\/www.hallo-wippingen.de\/wp\/wp-json\/wp\/v2\/posts\/9625"}],"collection":[{"href":"https:\/\/www.hallo-wippingen.de\/wp\/wp-json\/wp\/v2\/posts"}],"about":[{"href":"https:\/\/www.hallo-wippingen.de\/wp\/wp-json\/wp\/v2\/types\/post"}],"author":[{"embeddable":true,"href":"https:\/\/www.hallo-wippingen.de\/wp\/wp-json\/wp\/v2\/users\/3"}],"replies":[{"embeddable":true,"href":"https:\/\/www.hallo-wippingen.de\/wp\/wp-json\/wp\/v2\/comments?post=9625"}],"version-history":[{"count":1,"href":"https:\/\/www.hallo-wippingen.de\/wp\/wp-json\/wp\/v2\/posts\/9625\/revisions"}],"predecessor-version":[{"id":9626,"href":"https:\/\/www.hallo-wippingen.de\/wp\/wp-json\/wp\/v2\/posts\/9625\/revisions\/9626"}],"wp:attachment":[{"href":"https:\/\/www.hallo-wippingen.de\/wp\/wp-json\/wp\/v2\/media?parent=9625"}],"wp:term":[{"taxonomy":"category","embeddable":true,"href":"https:\/\/www.hallo-wippingen.de\/wp\/wp-json\/wp\/v2\/categories?post=9625"},{"taxonomy":"post_tag","embeddable":true,"href":"https:\/\/www.hallo-wippingen.de\/wp\/wp-json\/wp\/v2\/tags?post=9625"}],"curies":[{"name":"wp","href":"https:\/\/api.w.org\/{rel}","templated":true}]}}