{"id":9124,"date":"2022-05-20T18:13:29","date_gmt":"2022-05-20T16:13:29","guid":{"rendered":"https:\/\/www.hallo-wippingen.de\/wp\/?p=9124"},"modified":"2022-05-20T18:13:31","modified_gmt":"2022-05-20T16:13:31","slug":"vom-langen-kampf-um-die-erinnerung-buch-zur-nachgeschichte-der-emslandlager-1945-bis-2011","status":"publish","type":"post","link":"https:\/\/www.hallo-wippingen.de\/wp\/2022\/05\/vom-langen-kampf-um-die-erinnerung-buch-zur-nachgeschichte-der-emslandlager-1945-bis-2011\/","title":{"rendered":"Vom langen Kampf um die Erinnerung: Buch zur Nachgeschichte der Emslandlager 1945 bis 2011"},"content":{"rendered":"\n<div class=\"wp-block-image\"><figure class=\"alignleft size-large is-resized\"><a href=\"https:\/\/www.vandenhoeck-ruprecht-verlage.com\/themen-entdecken\/geschichte\/sozial-und-kulturgeschichte\/56757\/die-emslandlager-in-den-erinnerungskulturen-1945-2011\" target=\"_blank\" rel=\"noopener\"><img loading=\"lazy\" src=\"https:\/\/www.hallo-wippingen.de\/wp\/wp-content\/uploads\/2022\/05\/cocver-studie-dueben.jpg\" alt=\"\" class=\"wp-image-9125\" width=\"100\" height=\"150\" srcset=\"https:\/\/www.hallo-wippingen.de\/wp\/wp-content\/uploads\/2022\/05\/cocver-studie-dueben.jpg 401w, https:\/\/www.hallo-wippingen.de\/wp\/wp-content\/uploads\/2022\/05\/cocver-studie-dueben-201x300.jpg 201w, https:\/\/www.hallo-wippingen.de\/wp\/wp-content\/uploads\/2022\/05\/cocver-studie-dueben-100x150.jpg 100w\" sizes=\"(max-width: 100px) 100vw, 100px\" \/><\/a><\/figure><\/div>\n\n\n\n<p>Erinnerung ist kein gerader Weg, besonders nicht, wenn es sich um die gesellschaftliche Erinnerung an die Verbrechen des Nationalsozialismus handelt. Unterschiedliche Akteure setzten zu unterschiedlichen Zeiten unterschiedliche Akzente. Dies galt und gilt ebenso f\u00fcr die Erinnerung an die Emslandlager und ihre Opfer. <\/p>\n\n\n\n<p>Wie sich hierzu seit Kriegsende 1945 verschiedene Formen von Memorialkulturen ausgebildet haben, zeigt jetzt <a href=\"https:\/\/www.vandenhoeck-ruprecht-verlage.com\/AuthorProfile\/index\/id\/4401\/name\/Ann+Katrin+D%C3%BCben\" target=\"_blank\" rel=\"noreferrer noopener\">Dr. Ann Katrin D\u00fcben <\/a>in ihrer neuen wegweisenden Studie \u201e<a href=\"https:\/\/www.vandenhoeck-ruprecht-verlage.com\/themen-entdecken\/geschichte\/sozial-und-kulturgeschichte\/56757\/die-emslandlager-in-den-erinnerungskulturen-1945-2011\" target=\"_blank\" rel=\"noreferrer noopener\">Die Emslandlager in den Erinnerungskulturen 1945 &#8211; 2011<\/a>\u201c. Sie widmet sich dabei den Akteuren, die um die Erinnerung an die Emslandlager zwischen 1945 und 2011 stritten, und legt einen Schwerpunkt auf die \u00fcberlebenden Moorsoldaten. Diese k\u00e4mpften in Zeiten des Kalten Krieges hartn\u00e4ckig gegen die Widerst\u00e4nde konservativer Lokal- und Landespolitiker und indifferenter Zeitgenossen um die Anerkennung ihres Schicksals. <\/p>\n\n\n\n<p>Die Studie schlie\u00dft damit eine gro\u00dfe L\u00fccke in der Forschung um die Lager im Emsland und der Grafschaft Bentheim. Das Buch ist nun im Buchhandel und ebenfalls in der Gedenkst\u00e4tte Esterwegen erh\u00e4ltlich. [<em>Landkreis Emsland\/Vandenhoeck &amp; Ruprecht Verlage<\/em>]<\/p>\n\n\n\n<p><\/p>\n","protected":false},"excerpt":{"rendered":"<p>Erinnerung ist kein gerader Weg, besonders nicht, wenn es sich um die gesellschaftliche Erinnerung an die Verbrechen des Nationalsozialismus handelt. Unterschiedliche Akteure setzten zu unterschiedlichen Zeiten unterschiedliche Akzente. Dies galt und gilt ebenso f\u00fcr die Erinnerung an die Emslandlager und ihre Opfer. Wie sich hierzu seit Kriegsende 1945 verschiedene Formen von Memorialkulturen ausgebildet haben, zeigt [&hellip;]<\/p>\n","protected":false},"author":3,"featured_media":0,"comment_status":"closed","ping_status":"closed","sticky":false,"template":"","format":"standard","meta":[],"categories":[207,32],"tags":[1280,1281,1279],"_links":{"self":[{"href":"https:\/\/www.hallo-wippingen.de\/wp\/wp-json\/wp\/v2\/posts\/9124"}],"collection":[{"href":"https:\/\/www.hallo-wippingen.de\/wp\/wp-json\/wp\/v2\/posts"}],"about":[{"href":"https:\/\/www.hallo-wippingen.de\/wp\/wp-json\/wp\/v2\/types\/post"}],"author":[{"embeddable":true,"href":"https:\/\/www.hallo-wippingen.de\/wp\/wp-json\/wp\/v2\/users\/3"}],"replies":[{"embeddable":true,"href":"https:\/\/www.hallo-wippingen.de\/wp\/wp-json\/wp\/v2\/comments?post=9124"}],"version-history":[{"count":1,"href":"https:\/\/www.hallo-wippingen.de\/wp\/wp-json\/wp\/v2\/posts\/9124\/revisions"}],"predecessor-version":[{"id":9126,"href":"https:\/\/www.hallo-wippingen.de\/wp\/wp-json\/wp\/v2\/posts\/9124\/revisions\/9126"}],"wp:attachment":[{"href":"https:\/\/www.hallo-wippingen.de\/wp\/wp-json\/wp\/v2\/media?parent=9124"}],"wp:term":[{"taxonomy":"category","embeddable":true,"href":"https:\/\/www.hallo-wippingen.de\/wp\/wp-json\/wp\/v2\/categories?post=9124"},{"taxonomy":"post_tag","embeddable":true,"href":"https:\/\/www.hallo-wippingen.de\/wp\/wp-json\/wp\/v2\/tags?post=9124"}],"curies":[{"name":"wp","href":"https:\/\/api.w.org\/{rel}","templated":true}]}}