{"id":8303,"date":"2022-02-20T19:48:54","date_gmt":"2022-02-20T18:48:54","guid":{"rendered":"https:\/\/www.hallo-wippingen.de\/wp\/?p=8303"},"modified":"2022-02-20T19:48:56","modified_gmt":"2022-02-20T18:48:56","slug":"online-veranstaltungsreihe-von-ausgestrahlt","status":"publish","type":"post","link":"https:\/\/www.hallo-wippingen.de\/wp\/2022\/02\/online-veranstaltungsreihe-von-ausgestrahlt\/","title":{"rendered":"Online-Veranstaltungsreihe von .ausgestrahlt"},"content":{"rendered":"\n<div class=\"wp-block-image\"><figure class=\"alignright size-large is-resized\"><a href=\"https:\/\/www.ausgestrahlt.de\/aktiv-werden\/jahrestag-fukushima\/?pk_campaign=nl220217&amp;pk_kwd=fukushima&amp;pk_source=mail\" target=\"_blank\" rel=\"noopener\"><img loading=\"lazy\" src=\"https:\/\/www.hallo-wippingen.de\/wp\/wp-content\/uploads\/2022\/02\/11_jahre_fukushima_header_desktop.png__1900x680_q85_subsampling-2-1024x366.jpg\" alt=\"Logo 11 Jahre Fukushima\" class=\"wp-image-8304\" width=\"256\" height=\"92\" srcset=\"https:\/\/www.hallo-wippingen.de\/wp\/wp-content\/uploads\/2022\/02\/11_jahre_fukushima_header_desktop.png__1900x680_q85_subsampling-2-1024x366.jpg 1024w, https:\/\/www.hallo-wippingen.de\/wp\/wp-content\/uploads\/2022\/02\/11_jahre_fukushima_header_desktop.png__1900x680_q85_subsampling-2-300x107.jpg 300w, https:\/\/www.hallo-wippingen.de\/wp\/wp-content\/uploads\/2022\/02\/11_jahre_fukushima_header_desktop.png__1900x680_q85_subsampling-2-768x275.jpg 768w, https:\/\/www.hallo-wippingen.de\/wp\/wp-content\/uploads\/2022\/02\/11_jahre_fukushima_header_desktop.png__1900x680_q85_subsampling-2-1536x550.jpg 1536w, https:\/\/www.hallo-wippingen.de\/wp\/wp-content\/uploads\/2022\/02\/11_jahre_fukushima_header_desktop.png__1900x680_q85_subsampling-2-150x54.jpg 150w, https:\/\/www.hallo-wippingen.de\/wp\/wp-content\/uploads\/2022\/02\/11_jahre_fukushima_header_desktop.png__1900x680_q85_subsampling-2-400x143.jpg 400w, https:\/\/www.hallo-wippingen.de\/wp\/wp-content\/uploads\/2022\/02\/11_jahre_fukushima_header_desktop.png__1900x680_q85_subsampling-2.jpg 1900w\" sizes=\"(max-width: 256px) 100vw, 256px\" \/><\/a><\/figure><\/div>\n\n\n\n<p>Anl\u00e4sslich des Fukushima-Jahrestages am 11. M\u00e4rz organisiert .ausgestrahlt ab dem 2. M\u00e4rz wieder eine Online-Veranstaltungsreihe zu vielen brennenden atompolitischen Themen mit Expert*innen aus Wissenschaft, Politik und Medien.<a href=\"https:\/\/www.ausgestrahlt.de\/aktiv-werden\/jahrestag-fukushima\/?pk_campaign=nl220217&amp;pk_kwd=fukushima&amp;pk_source=mail\" target=\"_blank\" rel=\"noreferrer noopener\"> Hier geht es zur \u00dcbersicht&#8230;<\/a> [<em>jdm<\/em>]<\/p>\n","protected":false},"excerpt":{"rendered":"<p>Anl\u00e4sslich des Fukushima-Jahrestages am 11. M\u00e4rz organisiert .ausgestrahlt ab dem 2. M\u00e4rz wieder eine Online-Veranstaltungsreihe zu vielen brennenden atompolitischen Themen mit Expert*innen aus Wissenschaft, Politik und Medien. Hier geht es zur \u00dcbersicht&#8230; [jdm]<\/p>\n","protected":false},"author":3,"featured_media":0,"comment_status":"closed","ping_status":"closed","sticky":false,"template":"","format":"standard","meta":[],"categories":[181,205],"tags":[235,307,797],"_links":{"self":[{"href":"https:\/\/www.hallo-wippingen.de\/wp\/wp-json\/wp\/v2\/posts\/8303"}],"collection":[{"href":"https:\/\/www.hallo-wippingen.de\/wp\/wp-json\/wp\/v2\/posts"}],"about":[{"href":"https:\/\/www.hallo-wippingen.de\/wp\/wp-json\/wp\/v2\/types\/post"}],"author":[{"embeddable":true,"href":"https:\/\/www.hallo-wippingen.de\/wp\/wp-json\/wp\/v2\/users\/3"}],"replies":[{"embeddable":true,"href":"https:\/\/www.hallo-wippingen.de\/wp\/wp-json\/wp\/v2\/comments?post=8303"}],"version-history":[{"count":1,"href":"https:\/\/www.hallo-wippingen.de\/wp\/wp-json\/wp\/v2\/posts\/8303\/revisions"}],"predecessor-version":[{"id":8305,"href":"https:\/\/www.hallo-wippingen.de\/wp\/wp-json\/wp\/v2\/posts\/8303\/revisions\/8305"}],"wp:attachment":[{"href":"https:\/\/www.hallo-wippingen.de\/wp\/wp-json\/wp\/v2\/media?parent=8303"}],"wp:term":[{"taxonomy":"category","embeddable":true,"href":"https:\/\/www.hallo-wippingen.de\/wp\/wp-json\/wp\/v2\/categories?post=8303"},{"taxonomy":"post_tag","embeddable":true,"href":"https:\/\/www.hallo-wippingen.de\/wp\/wp-json\/wp\/v2\/tags?post=8303"}],"curies":[{"name":"wp","href":"https:\/\/api.w.org\/{rel}","templated":true}]}}