{"id":7767,"date":"2022-01-09T20:43:30","date_gmt":"2022-01-09T19:43:30","guid":{"rendered":"https:\/\/www.hallo-wippingen.de\/wp\/?p=7767"},"modified":"2022-01-09T20:43:31","modified_gmt":"2022-01-09T19:43:31","slug":"neuer-ausdruck-mit-schwerpunkt-afghanistan","status":"publish","type":"post","link":"https:\/\/www.hallo-wippingen.de\/wp\/2022\/01\/neuer-ausdruck-mit-schwerpunkt-afghanistan\/","title":{"rendered":"Neuer &#8222;Ausdruck&#8220; mit Schwerpunkt Afghanistan"},"content":{"rendered":"\n<div class=\"wp-block-image\"><figure class=\"alignright size-large is-resized\"><a href=\"https:\/\/www.imi-online.de\/download\/Ausdruck-Dezember2021.pdf\" target=\"_blank\" rel=\"noopener\"><img loading=\"lazy\" src=\"https:\/\/www.hallo-wippingen.de\/wp\/wp-content\/uploads\/2022\/01\/imi-asudruck-dezember-2021-724x1024.jpg\" alt=\"\" class=\"wp-image-7768\" width=\"181\" height=\"256\" srcset=\"https:\/\/www.hallo-wippingen.de\/wp\/wp-content\/uploads\/2022\/01\/imi-asudruck-dezember-2021-724x1024.jpg 724w, https:\/\/www.hallo-wippingen.de\/wp\/wp-content\/uploads\/2022\/01\/imi-asudruck-dezember-2021-212x300.jpg 212w, https:\/\/www.hallo-wippingen.de\/wp\/wp-content\/uploads\/2022\/01\/imi-asudruck-dezember-2021-768x1086.jpg 768w, https:\/\/www.hallo-wippingen.de\/wp\/wp-content\/uploads\/2022\/01\/imi-asudruck-dezember-2021-1086x1536.jpg 1086w, https:\/\/www.hallo-wippingen.de\/wp\/wp-content\/uploads\/2022\/01\/imi-asudruck-dezember-2021-106x150.jpg 106w, https:\/\/www.hallo-wippingen.de\/wp\/wp-content\/uploads\/2022\/01\/imi-asudruck-dezember-2021-400x566.jpg 400w, https:\/\/www.hallo-wippingen.de\/wp\/wp-content\/uploads\/2022\/01\/imi-asudruck-dezember-2021.jpg 1240w\" sizes=\"(max-width: 181px) 100vw, 181px\" \/><\/a><\/figure><\/div>\n\n\n\n<p>Die Informationsstelle Militarisierung hat im Dezember die Ausgabe des &#8222;Ausdruck&#8220; unter das Schwerpunktthema Afghanistan gestellt. In seinem Artikel &#8222;Lehren aus Afghanistan&#8220; zeigt Nabil Nourani auf, dass die Bundesregierung und die Milit\u00e4rs aus Afghanistan nicht die Lehre ziehen, dass Deutschland nie wieder beteiligt sein darf an der Zerst\u00f6rung eines Landes, sondern f\u00fcr diese ist Afghanistan nur ein Probelauf gewesen, um f\u00fcr k\u00fcnftige Kriege besser vorbereitet zu sein. Aktuell ist Deutschland in Mali mit Frankreich dabei, jede zivile Entwicklung des Landes zu zerst\u00f6ren. Und ein Krieg gegen Russland wird von der NATO immer offener als m\u00f6glich betrachtet.<\/p>\n\n\n\n<p>Martin Kirsch zeigt in seinem Aufsatz &#8222;Alltag Kampfeinsatz &#8211; Afghanistan und die deutsche Au\u00dfenpolitik&#8220; wie die deutsche \u00d6ffentlichkeit langsam immer mehr an Kriege unter deutscher Beteiligung gew\u00f6hnt wurde. \u00d6ffentlichen Widerspruch gab es noch gegen den deutschen Bombenkrieg gegen Jugoslawien 1999 und auch gegen die Irakkriege 1991 und 2003. Aber die in Umfragen festgestellte Mehrheit von Deutschen, die gegen die deutsche Teilnahme am Afghanistankrieg waren, dr\u00fcckte sich schon kaum noch in \u00f6ffentlichem Protest aus.<\/p>\n\n\n\n<p>Mechthild Exo schildert unter dem Titel &#8222;Perspektiven der afghanischen Frauenbewegungen&#8220; wie die USA und westliche Besatzer in Afghanistan zusammen mit dem korrupten Karsai-Regime, hinter dem die Mudjaheddin der Nord-Allianz &#8211; eine ber\u00fcchtigte islamistische M\u00f6rdertruppe &#8211; standen, jede demokratische Teilnahme von Frauen und ihren Organisationen verhinderten. Stattdessen hofierten sie offenlichkeitswirksam Frauen aus der herrschenden Klasse, die vom Leben im Land au\u00dferhalb ihres Villenviertels nichts wussten. Eine afghanische Feministin soll laut dem britisch-pakistanischen Autor Tariq Ali gesagt haben: &#8222;Die afghanischen Frauen hatten drei Feinde: Die westliche Besatzung, die Taliban und die Nordallianz. Mit dem Abzug der Vereinigten Staaten, werden sie zwei haben.&#8220; Der Krieg hat Afghanistan in eine Hungersnot entlassen, die USA sperrren die Auslandsguthaben der afghanischen Regierung und die Weltbank hat ihre Zahlungen gestoppt, so dass Schulen und \u00f6ffentliche Einrichtungen nicht arbeiten k\u00f6nnen und die allgemeine Arbeitslosigkeit weiter versch\u00e4rft wird. Der Westen l\u00e4sst Afghanistan auch heute nicht zum Atmen kommen.<\/p>\n\n\n\n<p>Den Ausdruck mit vielen weiteren Artikeln zu<a href=\"https:\/\/www.imi-online.de\/download\/Ausdruck-Dezember2021.pdf\" target=\"_blank\" rel=\"noreferrer noopener\"> Afghanistan und weiteren Friedensthemen k\u00f6nnen Sie kostenlos downloaden<\/a>. [<em>jdm<\/em>]<\/p>\n","protected":false},"excerpt":{"rendered":"<p>Die Informationsstelle Militarisierung hat im Dezember die Ausgabe des &#8222;Ausdruck&#8220; unter das Schwerpunktthema Afghanistan gestellt. In seinem Artikel &#8222;Lehren aus Afghanistan&#8220; zeigt Nabil Nourani auf, dass die Bundesregierung und die Milit\u00e4rs aus Afghanistan nicht die Lehre ziehen, dass Deutschland nie wieder beteiligt sein darf an der Zerst\u00f6rung eines Landes, sondern f\u00fcr diese ist Afghanistan nur [&hellip;]<\/p>\n","protected":false},"author":3,"featured_media":0,"comment_status":"closed","ping_status":"closed","sticky":false,"template":"","format":"standard","meta":[],"categories":[33,26],"tags":[1011,358,108,336],"_links":{"self":[{"href":"https:\/\/www.hallo-wippingen.de\/wp\/wp-json\/wp\/v2\/posts\/7767"}],"collection":[{"href":"https:\/\/www.hallo-wippingen.de\/wp\/wp-json\/wp\/v2\/posts"}],"about":[{"href":"https:\/\/www.hallo-wippingen.de\/wp\/wp-json\/wp\/v2\/types\/post"}],"author":[{"embeddable":true,"href":"https:\/\/www.hallo-wippingen.de\/wp\/wp-json\/wp\/v2\/users\/3"}],"replies":[{"embeddable":true,"href":"https:\/\/www.hallo-wippingen.de\/wp\/wp-json\/wp\/v2\/comments?post=7767"}],"version-history":[{"count":2,"href":"https:\/\/www.hallo-wippingen.de\/wp\/wp-json\/wp\/v2\/posts\/7767\/revisions"}],"predecessor-version":[{"id":7771,"href":"https:\/\/www.hallo-wippingen.de\/wp\/wp-json\/wp\/v2\/posts\/7767\/revisions\/7771"}],"wp:attachment":[{"href":"https:\/\/www.hallo-wippingen.de\/wp\/wp-json\/wp\/v2\/media?parent=7767"}],"wp:term":[{"taxonomy":"category","embeddable":true,"href":"https:\/\/www.hallo-wippingen.de\/wp\/wp-json\/wp\/v2\/categories?post=7767"},{"taxonomy":"post_tag","embeddable":true,"href":"https:\/\/www.hallo-wippingen.de\/wp\/wp-json\/wp\/v2\/tags?post=7767"}],"curies":[{"name":"wp","href":"https:\/\/api.w.org\/{rel}","templated":true}]}}