{"id":7286,"date":"2021-11-26T16:50:19","date_gmt":"2021-11-26T15:50:19","guid":{"rendered":"https:\/\/www.hallo-wippingen.de\/wp\/?p=7286"},"modified":"2021-11-26T16:50:20","modified_gmt":"2021-11-26T15:50:20","slug":"kindergarten-wippingen-sucht-mitarbeiterin","status":"publish","type":"post","link":"https:\/\/www.hallo-wippingen.de\/wp\/2021\/11\/kindergarten-wippingen-sucht-mitarbeiterin\/","title":{"rendered":"Kindergarten Wippingen sucht MitarbeiterIn"},"content":{"rendered":"\n<div class=\"wp-block-image\"><figure class=\"alignright size-large is-resized\"><a href=\"https:\/\/www.hallo-wippingen.de\/wp\/wp-content\/uploads\/2021\/11\/StellenanzeigeWippingenKrippenkraft2022-1.pdf\" target=\"_blank\" rel=\"noopener\"><img loading=\"lazy\" src=\"https:\/\/www.hallo-wippingen.de\/wp\/wp-content\/uploads\/2021\/11\/stellenanzeige-724x1024.jpg\" alt=\"Stellenanzeige des Kindergartens Wippingen 11\/2021\" class=\"wp-image-7287\" width=\"181\" height=\"256\" srcset=\"https:\/\/www.hallo-wippingen.de\/wp\/wp-content\/uploads\/2021\/11\/stellenanzeige-724x1024.jpg 724w, https:\/\/www.hallo-wippingen.de\/wp\/wp-content\/uploads\/2021\/11\/stellenanzeige-212x300.jpg 212w, https:\/\/www.hallo-wippingen.de\/wp\/wp-content\/uploads\/2021\/11\/stellenanzeige-768x1086.jpg 768w, https:\/\/www.hallo-wippingen.de\/wp\/wp-content\/uploads\/2021\/11\/stellenanzeige-1086x1536.jpg 1086w, https:\/\/www.hallo-wippingen.de\/wp\/wp-content\/uploads\/2021\/11\/stellenanzeige-106x150.jpg 106w, https:\/\/www.hallo-wippingen.de\/wp\/wp-content\/uploads\/2021\/11\/stellenanzeige-400x566.jpg 400w, https:\/\/www.hallo-wippingen.de\/wp\/wp-content\/uploads\/2021\/11\/stellenanzeige.jpg 1240w\" sizes=\"(max-width: 181px) 100vw, 181px\" \/><\/a><\/figure><\/div>\n\n\n\n<p>Die Kath. Kirchengemeinde St. Bartholom\u00e4us Wippingen sucht f\u00fcr ihre Kindertagesst\u00e4tte zum 1. Januar 2022 eine Erzieherin\/einen Erzieher (m\/w\/d) f\u00fcr eine Krippengruppe.<\/p>\n\n\n\n<p>Der Besch\u00e4ftigungsumfang betr\u00e4gt max. 38,5 Std.\/Woche. Eine anteilige Stellenbesetzung ist m\u00f6glich. <a href=\"https:\/\/www.hallo-wippingen.de\/wp\/wp-content\/uploads\/2021\/11\/StellenanzeigeWippingenKrippenkraft2022-1.pdf\" target=\"_blank\" rel=\"noreferrer noopener\">Die Anforderungen und Chancen entnehmen Sie bitte der Stellenanzeige<\/a>.<\/p>\n\n\n\n<p>F\u00fcr die Beantwortung weiterer Fragen steht Ihnen Frau Sylvia Wilkens in der Kindertagesst\u00e4tte St. Bartholom\u00e4us, Tel. 04966-313 zur Verf\u00fcgung. Haben wir Ihr Interesse geweckt?<br><br>Ihre Bewerbung richten Sie bitte bis zum 10.12.2021 an: Kath. Kirchengemeinde St. Bartholom\u00e4us, Pfarrbeauftragter Christian Griep-Raming, Kirchstr. 10, 49762 Lathen, Eine Zusendung per Email ist auch m\u00f6glich an:<br><a rel=\"noreferrer noopener\" href=\"mailto:christian.griep-raming@bistum-osnabrueck.de\" target=\"_blank\">christian.griep-raming@bistum-osnabrueck.de<\/a> [<em>Christian Griep-Raming<\/em>]<\/p>\n","protected":false},"excerpt":{"rendered":"<p>Die Kath. Kirchengemeinde St. Bartholom\u00e4us Wippingen sucht f\u00fcr ihre Kindertagesst\u00e4tte zum 1. Januar 2022 eine Erzieherin\/einen Erzieher (m\/w\/d) f\u00fcr eine Krippengruppe. Der Besch\u00e4ftigungsumfang betr\u00e4gt max. 38,5 Std.\/Woche. Eine anteilige Stellenbesetzung ist m\u00f6glich. Die Anforderungen und Chancen entnehmen Sie bitte der Stellenanzeige. F\u00fcr die Beantwortung weiterer Fragen steht Ihnen Frau Sylvia Wilkens in der Kindertagesst\u00e4tte St. [&hellip;]<\/p>\n","protected":false},"author":3,"featured_media":0,"comment_status":"closed","ping_status":"closed","sticky":false,"template":"","format":"standard","meta":[],"categories":[4],"tags":[143],"_links":{"self":[{"href":"https:\/\/www.hallo-wippingen.de\/wp\/wp-json\/wp\/v2\/posts\/7286"}],"collection":[{"href":"https:\/\/www.hallo-wippingen.de\/wp\/wp-json\/wp\/v2\/posts"}],"about":[{"href":"https:\/\/www.hallo-wippingen.de\/wp\/wp-json\/wp\/v2\/types\/post"}],"author":[{"embeddable":true,"href":"https:\/\/www.hallo-wippingen.de\/wp\/wp-json\/wp\/v2\/users\/3"}],"replies":[{"embeddable":true,"href":"https:\/\/www.hallo-wippingen.de\/wp\/wp-json\/wp\/v2\/comments?post=7286"}],"version-history":[{"count":1,"href":"https:\/\/www.hallo-wippingen.de\/wp\/wp-json\/wp\/v2\/posts\/7286\/revisions"}],"predecessor-version":[{"id":7289,"href":"https:\/\/www.hallo-wippingen.de\/wp\/wp-json\/wp\/v2\/posts\/7286\/revisions\/7289"}],"wp:attachment":[{"href":"https:\/\/www.hallo-wippingen.de\/wp\/wp-json\/wp\/v2\/media?parent=7286"}],"wp:term":[{"taxonomy":"category","embeddable":true,"href":"https:\/\/www.hallo-wippingen.de\/wp\/wp-json\/wp\/v2\/categories?post=7286"},{"taxonomy":"post_tag","embeddable":true,"href":"https:\/\/www.hallo-wippingen.de\/wp\/wp-json\/wp\/v2\/tags?post=7286"}],"curies":[{"name":"wp","href":"https:\/\/api.w.org\/{rel}","templated":true}]}}