{"id":6696,"date":"2021-09-11T20:47:45","date_gmt":"2021-09-11T18:47:45","guid":{"rendered":"https:\/\/www.hallo-wippingen.de\/wp\/?p=6696"},"modified":"2021-09-11T20:47:46","modified_gmt":"2021-09-11T18:47:46","slug":"kahlschlag-in-doerpen","status":"publish","type":"post","link":"https:\/\/www.hallo-wippingen.de\/wp\/2021\/09\/kahlschlag-in-doerpen\/","title":{"rendered":"Kahlschlag in D\u00f6rpen"},"content":{"rendered":"\n<div class=\"wp-block-image\"><figure class=\"alignleft size-large is-resized\"><a href=\"https:\/\/www.hallo-wippingen.de\/wp\/wp-content\/uploads\/2021\/09\/Kahlschlag_M-Staudter-red.jpg\" target=\"_blank\" rel=\"noopener\"><img loading=\"lazy\" src=\"https:\/\/www.hallo-wippingen.de\/wp\/wp-content\/uploads\/2021\/09\/Kahlschlag_M-Staudter-red-1024x760.jpg\" alt=\"\" class=\"wp-image-6698\" width=\"256\" height=\"190\" srcset=\"https:\/\/www.hallo-wippingen.de\/wp\/wp-content\/uploads\/2021\/09\/Kahlschlag_M-Staudter-red-1024x760.jpg 1024w, https:\/\/www.hallo-wippingen.de\/wp\/wp-content\/uploads\/2021\/09\/Kahlschlag_M-Staudter-red-300x223.jpg 300w, https:\/\/www.hallo-wippingen.de\/wp\/wp-content\/uploads\/2021\/09\/Kahlschlag_M-Staudter-red-768x570.jpg 768w, https:\/\/www.hallo-wippingen.de\/wp\/wp-content\/uploads\/2021\/09\/Kahlschlag_M-Staudter-red-150x111.jpg 150w, https:\/\/www.hallo-wippingen.de\/wp\/wp-content\/uploads\/2021\/09\/Kahlschlag_M-Staudter-red-400x297.jpg 400w, https:\/\/www.hallo-wippingen.de\/wp\/wp-content\/uploads\/2021\/09\/Kahlschlag_M-Staudter-red.jpg 1078w\" sizes=\"(max-width: 256px) 100vw, 256px\" \/><\/a><\/figure><\/div>\n\n\n\n<p>Am Mittelweg in D\u00f6rpen wurden Ende August 2021 zwei Waldfl\u00e4chen kahlgeschlagen, also alle B\u00e4ume gef\u00e4llt. Miriam Staudte, Landtagsabgeordnete der Gr\u00fcnen in Niedersachsen und agrarpolitische Sprecherin der Fraktion, hat sich diese Fl\u00e4chen am Freitag, den 10.09.2021 gemeinsam mit Dr. Johann M\u00fcller aus D\u00f6rpen angesehen und fragt zu Recht, ob das Vorgehen mit der guten fachlichen Praxis zu vereinbaren ist.<\/p>\n\n\n\n<p>Kahlschl\u00e4ge sind nach dem nieders\u00e4chsischen Waldgesetz nur in geringem Umfang und bei gut begr\u00fcndeten Ausnahmef\u00e4lle, etwa starkem K\u00e4ferbefall, erlaubt. Zudem m\u00fcssen sie in der Regel der Waldbeh\u00f6rde angezeigt und evtl. genehmigt werden. Zust\u00e4ndig f\u00fcr die fachliche Betreuung von privaten Waldbesitzern ist die Landwirtschaftskammer Niedersachsen. Sie d\u00fcrfte also auch in diesem Fall \u00fcber den Kahlschlag informiert gewesen sein oder ihn gar empfohlen haben. Man darf also gespannt sein, wie die Kammer den Kahlschlag begr\u00fcndet, denn vor Ort sind kaum Anzeichen f\u00fcr einen Sch\u00e4dlingsbefall festzustellen. [<em>HM<\/em>]<\/p>\n","protected":false},"excerpt":{"rendered":"<p>Am Mittelweg in D\u00f6rpen wurden Ende August 2021 zwei Waldfl\u00e4chen kahlgeschlagen, also alle B\u00e4ume gef\u00e4llt. Miriam Staudte, Landtagsabgeordnete der Gr\u00fcnen in Niedersachsen und agrarpolitische Sprecherin der Fraktion, hat sich diese Fl\u00e4chen am Freitag, den 10.09.2021 gemeinsam mit Dr. Johann M\u00fcller aus D\u00f6rpen angesehen und fragt zu Recht, ob das Vorgehen mit der guten fachlichen Praxis [&hellip;]<\/p>\n","protected":false},"author":3,"featured_media":0,"comment_status":"closed","ping_status":"closed","sticky":false,"template":"","format":"standard","meta":[],"categories":[32,205],"tags":[840,1031,1032],"_links":{"self":[{"href":"https:\/\/www.hallo-wippingen.de\/wp\/wp-json\/wp\/v2\/posts\/6696"}],"collection":[{"href":"https:\/\/www.hallo-wippingen.de\/wp\/wp-json\/wp\/v2\/posts"}],"about":[{"href":"https:\/\/www.hallo-wippingen.de\/wp\/wp-json\/wp\/v2\/types\/post"}],"author":[{"embeddable":true,"href":"https:\/\/www.hallo-wippingen.de\/wp\/wp-json\/wp\/v2\/users\/3"}],"replies":[{"embeddable":true,"href":"https:\/\/www.hallo-wippingen.de\/wp\/wp-json\/wp\/v2\/comments?post=6696"}],"version-history":[{"count":1,"href":"https:\/\/www.hallo-wippingen.de\/wp\/wp-json\/wp\/v2\/posts\/6696\/revisions"}],"predecessor-version":[{"id":6699,"href":"https:\/\/www.hallo-wippingen.de\/wp\/wp-json\/wp\/v2\/posts\/6696\/revisions\/6699"}],"wp:attachment":[{"href":"https:\/\/www.hallo-wippingen.de\/wp\/wp-json\/wp\/v2\/media?parent=6696"}],"wp:term":[{"taxonomy":"category","embeddable":true,"href":"https:\/\/www.hallo-wippingen.de\/wp\/wp-json\/wp\/v2\/categories?post=6696"},{"taxonomy":"post_tag","embeddable":true,"href":"https:\/\/www.hallo-wippingen.de\/wp\/wp-json\/wp\/v2\/tags?post=6696"}],"curies":[{"name":"wp","href":"https:\/\/api.w.org\/{rel}","templated":true}]}}