{"id":6609,"date":"2021-08-31T21:19:07","date_gmt":"2021-08-31T19:19:07","guid":{"rendered":"https:\/\/www.hallo-wippingen.de\/wp\/?p=6609"},"modified":"2021-08-31T21:40:53","modified_gmt":"2021-08-31T19:40:53","slug":"deutschlands-beitrag-zum-antikriegstag-krieg","status":"publish","type":"post","link":"https:\/\/www.hallo-wippingen.de\/wp\/2021\/08\/deutschlands-beitrag-zum-antikriegstag-krieg\/","title":{"rendered":"Deutschlands Beitrag zum Antikriegstag: Krieg!"},"content":{"rendered":"\n<p>Die &#8222;Evakuierungsmission&#8220; der Bundeswehr in Afghanistan war nichts als eine Inszenierung, die der deutschen \u00d6ffenlichkeit suggerieren sollte, die Bundeswehr sei ein handlungsf\u00e4higer Retter. Dazu musste die Kriegsministerin Kramp-Karrenbauer dem Brigadegeneral Arlt auf dem Fliegerhorst Wunstorf scheinbar spontan um den Hals fallen. Dieses schlechte Schmierentheater wurde von der ARD in seiner Berichterstattung 1 : 1 als echtes Leben dargestellt und zu Lobes- und Dankeshymnen an die Bundeswehr genutzt.<\/p>\n\n\n\n<p>Dabei hat die Bundeswehr \u00fcber 20 Jahre nur Leid  in Form von Bombardierungen, Drohnenangriffen und Razzien \u00fcber die afghanische Bev\u00f6lkerung gebracht und sie selbst war st\u00e4ndig Angriffen ausgesetzt, denen sie eigentlich nichts entgegen zu setzen hatte. Trotzdem wurde in Deutschland die M\u00e4r von den Frauenrettern, Schulen-Erbauern und Brunnenbohrern verbreitet:  von den Offiziellen und den Medien, die allesamt immer wieder aus denselben Propagandaquellen sch\u00f6pften.<\/p>\n\n\n\n<p>Am 1. September ist der <a href=\"https:\/\/de.wikipedia.org\/wiki\/Weltfriedenstag\" target=\"_blank\" rel=\"noreferrer noopener\">Weltfriedenstag (Antikriegstag)<\/a>. Mit dem Beschluss zur &#8222;Evakuierungsmission&#8220; hat die Mehrheit des Bundestages noch einmal deutlich gemacht, dass sie nichts gelernt hat und der Krieg als Mittel der Politik und der Propaganda in Deutschland als normale Handlungsoption gilt. Die Gr\u00fcnen hatten schon vorher ihre fr\u00fcheren Friedenspositionen endg\u00fcltig aufgegeben. Annalena Baerbock  \u00e4u\u00dferte im <a rel=\"noreferrer noopener\" href=\"https:\/\/www.noz.de\/deutschland-welt\/politik\/artikel\/2404257\/was-die-gruenen-vorsitzende-baerbock-an-scholz-und-laschet-mag\" target=\"_blank\">Interview in der NOZ <\/a> &#8222;Die Linkspartei hat am Mittwoch im Bundestag zu meinem Entsetzen noch einmal verdeutlicht, dass sie au\u00dfenpolitisch nicht handlungsf\u00e4hig ist&#8220;, womit sie deren Enthaltung bzw. Ablehnung des kriegerischen Evakuierungseinsatzes in Afghanistan meinte. Und sie nahm wieder R\u00fcckgriff auf das M\u00e4rchen von den Frauenrechtlerinnen, die man jetzt im Stich lassen musste.<\/p>\n\n\n\n<p>Andere zivilisierte Staaten &#8211; nicht kriegsl\u00fcsterne Nato-Staaten wie USA und Deutschland  &#8211; haben f\u00fcr ihre Botschaften ganz normale Verhandlungen mit den Taliban gef\u00fchrt und sich ihre Sicherheit gew\u00e4hrleisten lassen. Man darf gespannt sein, was die Politikdarsteller der CDU\/CSU\/SPD\/GR\u00dcNE\/AFD\/FDP zum Antikriegstag an Schleim absondern, aber Sie sollten aufpassen, dass Ihnen nicht schlecht wird! [<em>jdm<\/em>]<\/p>\n","protected":false},"excerpt":{"rendered":"<p>Die &#8222;Evakuierungsmission&#8220; der Bundeswehr in Afghanistan war nichts als eine Inszenierung, die der deutschen \u00d6ffenlichkeit suggerieren sollte, die Bundeswehr sei ein handlungsf\u00e4higer Retter. Dazu musste die Kriegsministerin Kramp-Karrenbauer dem Brigadegeneral Arlt auf dem Fliegerhorst Wunstorf scheinbar spontan um den Hals fallen. Dieses schlechte Schmierentheater wurde von der ARD in seiner Berichterstattung 1 : 1 als [&hellip;]<\/p>\n","protected":false},"author":3,"featured_media":0,"comment_status":"closed","ping_status":"closed","sticky":false,"template":"","format":"standard","meta":[],"categories":[33,26],"tags":[1011,552,119],"_links":{"self":[{"href":"https:\/\/www.hallo-wippingen.de\/wp\/wp-json\/wp\/v2\/posts\/6609"}],"collection":[{"href":"https:\/\/www.hallo-wippingen.de\/wp\/wp-json\/wp\/v2\/posts"}],"about":[{"href":"https:\/\/www.hallo-wippingen.de\/wp\/wp-json\/wp\/v2\/types\/post"}],"author":[{"embeddable":true,"href":"https:\/\/www.hallo-wippingen.de\/wp\/wp-json\/wp\/v2\/users\/3"}],"replies":[{"embeddable":true,"href":"https:\/\/www.hallo-wippingen.de\/wp\/wp-json\/wp\/v2\/comments?post=6609"}],"version-history":[{"count":5,"href":"https:\/\/www.hallo-wippingen.de\/wp\/wp-json\/wp\/v2\/posts\/6609\/revisions"}],"predecessor-version":[{"id":6615,"href":"https:\/\/www.hallo-wippingen.de\/wp\/wp-json\/wp\/v2\/posts\/6609\/revisions\/6615"}],"wp:attachment":[{"href":"https:\/\/www.hallo-wippingen.de\/wp\/wp-json\/wp\/v2\/media?parent=6609"}],"wp:term":[{"taxonomy":"category","embeddable":true,"href":"https:\/\/www.hallo-wippingen.de\/wp\/wp-json\/wp\/v2\/categories?post=6609"},{"taxonomy":"post_tag","embeddable":true,"href":"https:\/\/www.hallo-wippingen.de\/wp\/wp-json\/wp\/v2\/tags?post=6609"}],"curies":[{"name":"wp","href":"https:\/\/api.w.org\/{rel}","templated":true}]}}