{"id":5517,"date":"2021-04-14T21:20:10","date_gmt":"2021-04-14T19:20:10","guid":{"rendered":"https:\/\/www.hallo-wippingen.de\/wp\/?p=5517"},"modified":"2021-04-14T21:22:12","modified_gmt":"2021-04-14T19:22:12","slug":"schulterschluss-der-samtgemeinden-gegen-atommuell-endlager","status":"publish","type":"post","link":"https:\/\/www.hallo-wippingen.de\/wp\/2021\/04\/schulterschluss-der-samtgemeinden-gegen-atommuell-endlager\/","title":{"rendered":"Schulterschluss der Samtgemeinden gegen Atomm\u00fcll-Endlager"},"content":{"rendered":"\n<p>Auf der <a href=\"https:\/\/www.facebook.com\/350122678405004\/posts\/3903314746419095\/\" target=\"_blank\" rel=\"noreferrer noopener\">Facebook-Seite der Samtgemeinde S\u00f6gel <\/a>wurde heute eine<a href=\"https:\/\/www.hallo-wippingen.de\/wp\/wp-content\/uploads\/2021\/04\/Resolution-SG-Buergermeister-31_03_2021.pdf\" target=\"_blank\" rel=\"noreferrer noopener\"> gemeinsame Erkl\u00e4rung der Samtgemeindeb\u00fcrgermeister der Samtgemeinden S\u00f6gel, Lathen und D\u00f6rpen<\/a> gepostet, in der sie sich gemeinsam gegen ein Atomm\u00fcll-Endlager in einem Salzstock im Gebiet ihrer Samtgemeinden aussprechen.<\/p>\n\n\n\n<p>Die Erkl\u00e4rung, die zum gro\u00dfen Teil nur das Verfahren zum Endlagersuchverfahren darstellt, nennt im Schlussabsatz drei Argumente: 1. seien Salzst\u00f6cke grunds\u00e4tzlich nicht geeignet, 2. seien die Gemeinden durch verschiedene Projekte mit &#8222;unbequemen Aufgaben&#8220;, wie Stromtrassen oder der Teststrecke f\u00fcr die Magnetschwebebahn belastet (gewesen) und 3. sei die WTD 91 ein Hindernis f\u00fcr ein Atomm\u00fcll-Endlager.<\/p>\n\n\n\n<div class=\"wp-block-image\"><figure class=\"alignright size-large is-resized\"><a href=\"https:\/\/www.hallo-wippingen.de\/wp\/wp-content\/uploads\/2021\/04\/173113789_3903310499752853_1399212669266594080_n.jpg\" target=\"_blank\" rel=\"noopener\"><img loading=\"lazy\" src=\"https:\/\/www.hallo-wippingen.de\/wp\/wp-content\/uploads\/2021\/04\/173113789_3903310499752853_1399212669266594080_n.jpg\" alt=\"v.l. Helmut Wilkens (Lathen), G\u00fcnter Wigbers (S\u00f6gel) und Hermann Wocken (D\u00f6rpen)\" class=\"wp-image-5518\" width=\"240\" height=\"180\" srcset=\"https:\/\/www.hallo-wippingen.de\/wp\/wp-content\/uploads\/2021\/04\/173113789_3903310499752853_1399212669266594080_n.jpg 960w, https:\/\/www.hallo-wippingen.de\/wp\/wp-content\/uploads\/2021\/04\/173113789_3903310499752853_1399212669266594080_n-300x225.jpg 300w, https:\/\/www.hallo-wippingen.de\/wp\/wp-content\/uploads\/2021\/04\/173113789_3903310499752853_1399212669266594080_n-768x576.jpg 768w, https:\/\/www.hallo-wippingen.de\/wp\/wp-content\/uploads\/2021\/04\/173113789_3903310499752853_1399212669266594080_n-150x113.jpg 150w, https:\/\/www.hallo-wippingen.de\/wp\/wp-content\/uploads\/2021\/04\/173113789_3903310499752853_1399212669266594080_n-400x300.jpg 400w\" sizes=\"(max-width: 240px) 100vw, 240px\" \/><\/a><figcaption>v.l. Helmut Wilkens (Lathen), G\u00fcnter Wigbers (S\u00f6gel) und Hermann Wocken (D\u00f6rpen)<\/figcaption><\/figure><\/div>\n\n\n\n<p>Die SG-B\u00fcrgermeister Helmut Wilkens (Lathen), G\u00fcnter Wigbers (S\u00f6gel) und Hermann Wocken (D\u00f6rpen) unterst\u00fctzen ausdr\u00fccklich die Bem\u00fchungen des Landkreises Emsland, der mit der Einrichtung des Begleitforums den Austausch und die B\u00fcndelung der regionalen Kr\u00e4fte betreibe.<\/p>\n\n\n\n<p>In den drei Samtgemeinden wurden drei Salzst\u00f6cke als m\u00f6gliche Standorte f\u00fcr ein Endlager benannt: der Salzstock zwischen B\u00f6rger und Spahnharrenst\u00e4tte (<a rel=\"noreferrer noopener\" href=\"https:\/\/www.hallo-wippingen.de\/wp\/wp-content\/uploads\/2020\/10\/kurz_Steckbrief_Teilgebiet_030_00TG_048_00IG_S_s_z.pdf\" target=\"_blank\">Teilgebiet 030_00TG_048_00IG_S_s_z<\/a> ), der Wippinger Salzstock (Wahn) (<a href=\"https:\/\/www.hallo-wippingen.de\/wp\/wp-content\/uploads\/2021\/04\/024_00TG_029_00IG_S_s_z.pdf\" target=\"_blank\" rel=\"noreferrer noopener\">Teilgebiet 024_00TG_029_00IG_S_s_z <\/a>) und der Salzstock bei Lathen\/Fresenburg (<a rel=\"noreferrer noopener\" href=\"https:\/\/www.hallo-wippingen.de\/wp\/wp-content\/uploads\/2020\/10\/kurz_Steckbrief_Teilgebiet_028_00TG_040_00IG_S_s_z.pdf\" target=\"_blank\">Teilgebiet 028_00TG_040_00IG_S_s_z<\/a> ). [<em>jdm<\/em>\/<em>Foto: Facebook SG S\u00f6gel<\/em>]<\/p>\n","protected":false},"excerpt":{"rendered":"<p>Auf der Facebook-Seite der Samtgemeinde S\u00f6gel wurde heute eine gemeinsame Erkl\u00e4rung der Samtgemeindeb\u00fcrgermeister der Samtgemeinden S\u00f6gel, Lathen und D\u00f6rpen gepostet, in der sie sich gemeinsam gegen ein Atomm\u00fcll-Endlager in einem Salzstock im Gebiet ihrer Samtgemeinden aussprechen. Die Erkl\u00e4rung, die zum gro\u00dfen Teil nur das Verfahren zum Endlagersuchverfahren darstellt, nennt im Schlussabsatz drei Argumente: 1. seien [&hellip;]<\/p>\n","protected":false},"author":3,"featured_media":0,"comment_status":"closed","ping_status":"closed","sticky":false,"template":"","format":"standard","meta":[],"categories":[32,181,205,4],"tags":[305,600,501,626,616,392,649,372],"_links":{"self":[{"href":"https:\/\/www.hallo-wippingen.de\/wp\/wp-json\/wp\/v2\/posts\/5517"}],"collection":[{"href":"https:\/\/www.hallo-wippingen.de\/wp\/wp-json\/wp\/v2\/posts"}],"about":[{"href":"https:\/\/www.hallo-wippingen.de\/wp\/wp-json\/wp\/v2\/types\/post"}],"author":[{"embeddable":true,"href":"https:\/\/www.hallo-wippingen.de\/wp\/wp-json\/wp\/v2\/users\/3"}],"replies":[{"embeddable":true,"href":"https:\/\/www.hallo-wippingen.de\/wp\/wp-json\/wp\/v2\/comments?post=5517"}],"version-history":[{"count":4,"href":"https:\/\/www.hallo-wippingen.de\/wp\/wp-json\/wp\/v2\/posts\/5517\/revisions"}],"predecessor-version":[{"id":5525,"href":"https:\/\/www.hallo-wippingen.de\/wp\/wp-json\/wp\/v2\/posts\/5517\/revisions\/5525"}],"wp:attachment":[{"href":"https:\/\/www.hallo-wippingen.de\/wp\/wp-json\/wp\/v2\/media?parent=5517"}],"wp:term":[{"taxonomy":"category","embeddable":true,"href":"https:\/\/www.hallo-wippingen.de\/wp\/wp-json\/wp\/v2\/categories?post=5517"},{"taxonomy":"post_tag","embeddable":true,"href":"https:\/\/www.hallo-wippingen.de\/wp\/wp-json\/wp\/v2\/tags?post=5517"}],"curies":[{"name":"wp","href":"https:\/\/api.w.org\/{rel}","templated":true}]}}