{"id":5163,"date":"2021-03-02T14:54:00","date_gmt":"2021-03-02T13:54:00","guid":{"rendered":"https:\/\/www.hallo-wippingen.de\/wp\/?p=5163"},"modified":"2021-03-02T14:54:01","modified_gmt":"2021-03-02T13:54:01","slug":"sv-wippingen-zusammen-fit","status":"publish","type":"post","link":"https:\/\/www.hallo-wippingen.de\/wp\/2021\/03\/sv-wippingen-zusammen-fit\/","title":{"rendered":"SV Wippingen: &#8222;Zusammen FIT&#8220;"},"content":{"rendered":"\n<div class=\"wp-block-image\"><figure class=\"alignleft is-resized\"><a href=\"https:\/\/www.hallo-wippingen.de\/wp\/wp-content\/uploads\/2021\/03\/2021-03-02_Februar_geschafft.pdf\" target=\"_blank\" rel=\"noreferrer noopener\"><img loading=\"lazy\" src=\"https:\/\/www.hallo-wippingen.de\/wp\/wp-content\/uploads\/2021\/03\/geschafft-724x1024.jpg\" alt=\"Fit zusammen: Erfolgsmeldung Februar 2021\" class=\"wp-image-5164\" width=\"181\" height=\"256\" srcset=\"https:\/\/www.hallo-wippingen.de\/wp\/wp-content\/uploads\/2021\/03\/geschafft-724x1024.jpg 724w, https:\/\/www.hallo-wippingen.de\/wp\/wp-content\/uploads\/2021\/03\/geschafft-212x300.jpg 212w, https:\/\/www.hallo-wippingen.de\/wp\/wp-content\/uploads\/2021\/03\/geschafft-768x1086.jpg 768w, https:\/\/www.hallo-wippingen.de\/wp\/wp-content\/uploads\/2021\/03\/geschafft-106x150.jpg 106w, https:\/\/www.hallo-wippingen.de\/wp\/wp-content\/uploads\/2021\/03\/geschafft-400x566.jpg 400w, https:\/\/www.hallo-wippingen.de\/wp\/wp-content\/uploads\/2021\/03\/geschafft.jpg 1240w\" sizes=\"(max-width: 181px) 100vw, 181px\" \/><\/a><\/figure><\/div>\n\n\n\n<p>Die Februar-Challenge haben wir auch erfolgreich absolviert. Ca. 90  Teilnehmerinnen und Teilnehmern haben im Februar bei der Challenge mitgemacht 600 aktive Stunden zu absolvieren. Dieses Ziel wurde weit \u00fcberschritten, wie im Januar schon.<\/p>\n\n\n\n<p>Mit 886 h 36 min und 26 sek haben die Aktiven diese Marke geknackt. Im M\u00e4rz stellen wir uns eine Kombination aus Zielen. Zum einen wollen wir zusammen 3.000 km zusammen bekommen und zudem noch 725 h absolvieren. Die Zeiten die w\u00e4hrend der Kilometer zusammen kommen, werden zur aktiven Zeit dazugerechnet.<\/p>\n\n\n\n<div class=\"wp-block-image\"><figure class=\"alignright is-resized\"><a href=\"https:\/\/www.hallo-wippingen.de\/wp\/wp-content\/uploads\/2021\/03\/maerz.jpg\" target=\"_blank\" rel=\"noreferrer noopener\"><img loading=\"lazy\" src=\"https:\/\/www.hallo-wippingen.de\/wp\/wp-content\/uploads\/2021\/03\/maerz-724x1024.jpg\" alt=\"Zusammen Fit! Aufgabe f\u00fcr M\u00e4rz 2021\" class=\"wp-image-5165\" width=\"181\" height=\"256\" srcset=\"https:\/\/www.hallo-wippingen.de\/wp\/wp-content\/uploads\/2021\/03\/maerz-724x1024.jpg 724w, https:\/\/www.hallo-wippingen.de\/wp\/wp-content\/uploads\/2021\/03\/maerz-212x300.jpg 212w, https:\/\/www.hallo-wippingen.de\/wp\/wp-content\/uploads\/2021\/03\/maerz-768x1086.jpg 768w, https:\/\/www.hallo-wippingen.de\/wp\/wp-content\/uploads\/2021\/03\/maerz-106x150.jpg 106w, https:\/\/www.hallo-wippingen.de\/wp\/wp-content\/uploads\/2021\/03\/maerz-400x566.jpg 400w, https:\/\/www.hallo-wippingen.de\/wp\/wp-content\/uploads\/2021\/03\/maerz.jpg 1240w\" sizes=\"(max-width: 181px) 100vw, 181px\" \/><\/a><\/figure><\/div>\n\n\n\n<p>Eine weitere Neuerung ist, dass wir den\/die Aktivsten und den\/die mit den meisten gelaufenen Kilometern k\u00fcren, indem Anfang April ein kleines Pr\u00e4sent \u00fcberreicht wird. Beide Kategorien werden in zwei Altersgruppen aufgeteilt. Zum einen in Kinder bis 16 Jahren (ab Jahrgang 2004) und in Erwachsene ab 17 Jahren (bis Jahrgang 2004). <\/p>\n\n\n\n<p>Die Daten kannst du auf unserem Aktivit\u00e4tsprotokoll erfassen und per Mail oder Screenshoot an Marcel Ganseforth schicken; falls du Apps nutzt, um deine Leistungen zu erfassen, kannst du diese auch direkt an Marcel schicken, er sammelt die Daten.<\/p>\n\n\n\n<p>Wir w\u00fcrden uns auch \u00fcber ein Bild von dir w\u00e4hrend der Aktivit\u00e4t freuen. Lasst uns auch diese Challenge schaffen, denn wir sind &#8222;Zusammen FIT&#8220;! Kontakt: marcel.ganseforth@ewe.net, Handy:   0179-4625282 [<em>Marcel Ganseforth<\/em>]<\/p>\n","protected":false},"excerpt":{"rendered":"<p>Die Februar-Challenge haben wir auch erfolgreich absolviert. Ca. 90 Teilnehmerinnen und Teilnehmern haben im Februar bei der Challenge mitgemacht 600 aktive Stunden zu absolvieren. Dieses Ziel wurde weit \u00fcberschritten, wie im Januar schon. Mit 886 h 36 min und 26 sek haben die Aktiven diese Marke geknackt. Im M\u00e4rz stellen wir uns eine Kombination aus [&hellip;]<\/p>\n","protected":false},"author":3,"featured_media":0,"comment_status":"closed","ping_status":"closed","sticky":false,"template":"","format":"standard","meta":[],"categories":[4],"tags":[806,127,724],"_links":{"self":[{"href":"https:\/\/www.hallo-wippingen.de\/wp\/wp-json\/wp\/v2\/posts\/5163"}],"collection":[{"href":"https:\/\/www.hallo-wippingen.de\/wp\/wp-json\/wp\/v2\/posts"}],"about":[{"href":"https:\/\/www.hallo-wippingen.de\/wp\/wp-json\/wp\/v2\/types\/post"}],"author":[{"embeddable":true,"href":"https:\/\/www.hallo-wippingen.de\/wp\/wp-json\/wp\/v2\/users\/3"}],"replies":[{"embeddable":true,"href":"https:\/\/www.hallo-wippingen.de\/wp\/wp-json\/wp\/v2\/comments?post=5163"}],"version-history":[{"count":2,"href":"https:\/\/www.hallo-wippingen.de\/wp\/wp-json\/wp\/v2\/posts\/5163\/revisions"}],"predecessor-version":[{"id":5170,"href":"https:\/\/www.hallo-wippingen.de\/wp\/wp-json\/wp\/v2\/posts\/5163\/revisions\/5170"}],"wp:attachment":[{"href":"https:\/\/www.hallo-wippingen.de\/wp\/wp-json\/wp\/v2\/media?parent=5163"}],"wp:term":[{"taxonomy":"category","embeddable":true,"href":"https:\/\/www.hallo-wippingen.de\/wp\/wp-json\/wp\/v2\/categories?post=5163"},{"taxonomy":"post_tag","embeddable":true,"href":"https:\/\/www.hallo-wippingen.de\/wp\/wp-json\/wp\/v2\/tags?post=5163"}],"curies":[{"name":"wp","href":"https:\/\/api.w.org\/{rel}","templated":true}]}}