{"id":2980,"date":"2020-03-13T21:03:04","date_gmt":"2020-03-13T20:03:04","guid":{"rendered":"https:\/\/www.hallo-wippingen.de\/wp\/?p=2980"},"modified":"2020-03-15T12:04:52","modified_gmt":"2020-03-15T11:04:52","slug":"wegen-corona-wippinger-kindergarten-bleibt-geschlossen-bis-zum-05-04-2020-keine-gottesdienste","status":"publish","type":"post","link":"https:\/\/www.hallo-wippingen.de\/wp\/2020\/03\/wegen-corona-wippinger-kindergarten-bleibt-geschlossen-bis-zum-05-04-2020-keine-gottesdienste\/","title":{"rendered":"Wegen Corona: Wippinger Kindergarten bleibt geschlossen. Bis zum 05.04.2020 keine Gottesdienste"},"content":{"rendered":"\n<div class=\"wp-block-image\"><figure class=\"alignleft is-resized\"><a href=\"https:\/\/www.hallo-wippingen.de\/wp\/wp-content\/uploads\/2020\/03\/Corona_Anschreiben_Bischof_200313.pdf\" target=\"_blank\" rel=\"noreferrer noopener\"><img loading=\"lazy\" src=\"https:\/\/www.hallo-wippingen.de\/wp\/wp-content\/uploads\/2020\/03\/bischof-724x1024.jpg\" alt=\"Brief von Bischof Franz-Josef Bode an die Gemeinden, 13.03.2020\" class=\"wp-image-2981\" width=\"181\" height=\"256\" srcset=\"https:\/\/www.hallo-wippingen.de\/wp\/wp-content\/uploads\/2020\/03\/bischof-724x1024.jpg 724w, https:\/\/www.hallo-wippingen.de\/wp\/wp-content\/uploads\/2020\/03\/bischof-212x300.jpg 212w, https:\/\/www.hallo-wippingen.de\/wp\/wp-content\/uploads\/2020\/03\/bischof-768x1086.jpg 768w, https:\/\/www.hallo-wippingen.de\/wp\/wp-content\/uploads\/2020\/03\/bischof-106x150.jpg 106w, https:\/\/www.hallo-wippingen.de\/wp\/wp-content\/uploads\/2020\/03\/bischof-400x566.jpg 400w, https:\/\/www.hallo-wippingen.de\/wp\/wp-content\/uploads\/2020\/03\/bischof.jpg 1240w\" sizes=\"(max-width: 181px) 100vw, 181px\" \/><\/a><\/figure><\/div>\n\n\n\n<p>Von der Coranavirus-Vorbeugung ist auch die Kirchengemeinde betroffen. Folgende Ma\u00dfnahmen sind beschlossen worden:<\/p>\n\n\n\n<ol><li>Aufgrund des Beschlusses des Landes Niedersachsens \u00fcber die Schlie\u00dfung aller Schulen und Kindergarten bleibt auch der Wippinger Kindergarten bis zum 18.04.2020 geschlossen.<\/li><li>Das Bistum Osnabr\u00fcck hat beschlossen, bis zum 05.04.2020 keine Gottesdienste mehr stattfinden zu lassen. Auch Pfarrheime stehen f\u00fcr Zusammenk\u00fcnfte jeglicher Art nicht zur Verf\u00fcgung. Das Pfarrb\u00fcro bleibt somit geschlossen und es finden keine Versammlungen bzw. Sitzungen im Pfarrer-Schniers-Haus statt.<\/li><\/ol>\n\n\n\n<p>Hier k\u00f6nnen Sie die Briefe vom <a rel=\"noreferrer noopener\" aria-label=\"Bischof Franz-Josef Bode (\u00f6ffnet in neuem Tab)\" href=\"https:\/\/www.hallo-wippingen.de\/wp\/wp-content\/uploads\/2020\/03\/Corona_Anschreiben_Bischof_200313.pdf\" target=\"_blank\">Bischof Franz-Josef Bode<\/a>, <a rel=\"noreferrer noopener\" aria-label=\"Pfarrer Sanjeevi (\u00f6ffnet in neuem Tab)\" href=\"https:\/\/www.hallo-wippingen.de\/wp\/wp-content\/uploads\/2020\/03\/AushangCoronavirus03-2020.pdf\" target=\"_blank\">Pfarrer Sanjeevi<\/a> und den <a href=\"https:\/\/www.hallo-wippingen.de\/wp\/wp-content\/uploads\/2020\/03\/AushangSchliessungKindertagesstaette2.pdf\" target=\"_blank\" rel=\"noreferrer noopener\" aria-label=\"Brief  f\u00fcr die Eltern der Kindergartenkinder  (\u00f6ffnet in neuem Tab)\">Brief  f\u00fcr die Eltern der Kindergartenkinder <\/a>aufrufen. [<em>Hermann Jansen<\/em>]<\/p>\n","protected":false},"excerpt":{"rendered":"<p>Von der Coranavirus-Vorbeugung ist auch die Kirchengemeinde betroffen. Folgende Ma\u00dfnahmen sind beschlossen worden: Aufgrund des Beschlusses des Landes Niedersachsens \u00fcber die Schlie\u00dfung aller Schulen und Kindergarten bleibt auch der Wippinger Kindergarten bis zum 18.04.2020 geschlossen. Das Bistum Osnabr\u00fcck hat beschlossen, bis zum 05.04.2020 keine Gottesdienste mehr stattfinden zu lassen. Auch Pfarrheime stehen f\u00fcr Zusammenk\u00fcnfte jeglicher [&hellip;]<\/p>\n","protected":false},"author":3,"featured_media":0,"comment_status":"closed","ping_status":"closed","sticky":false,"template":"","format":"standard","meta":[],"categories":[322,4],"tags":[418,409,143,53],"_links":{"self":[{"href":"https:\/\/www.hallo-wippingen.de\/wp\/wp-json\/wp\/v2\/posts\/2980"}],"collection":[{"href":"https:\/\/www.hallo-wippingen.de\/wp\/wp-json\/wp\/v2\/posts"}],"about":[{"href":"https:\/\/www.hallo-wippingen.de\/wp\/wp-json\/wp\/v2\/types\/post"}],"author":[{"embeddable":true,"href":"https:\/\/www.hallo-wippingen.de\/wp\/wp-json\/wp\/v2\/users\/3"}],"replies":[{"embeddable":true,"href":"https:\/\/www.hallo-wippingen.de\/wp\/wp-json\/wp\/v2\/comments?post=2980"}],"version-history":[{"count":3,"href":"https:\/\/www.hallo-wippingen.de\/wp\/wp-json\/wp\/v2\/posts\/2980\/revisions"}],"predecessor-version":[{"id":2994,"href":"https:\/\/www.hallo-wippingen.de\/wp\/wp-json\/wp\/v2\/posts\/2980\/revisions\/2994"}],"wp:attachment":[{"href":"https:\/\/www.hallo-wippingen.de\/wp\/wp-json\/wp\/v2\/media?parent=2980"}],"wp:term":[{"taxonomy":"category","embeddable":true,"href":"https:\/\/www.hallo-wippingen.de\/wp\/wp-json\/wp\/v2\/categories?post=2980"},{"taxonomy":"post_tag","embeddable":true,"href":"https:\/\/www.hallo-wippingen.de\/wp\/wp-json\/wp\/v2\/tags?post=2980"}],"curies":[{"name":"wp","href":"https:\/\/api.w.org\/{rel}","templated":true}]}}