{"id":2948,"date":"2020-03-09T12:03:25","date_gmt":"2020-03-09T11:03:25","guid":{"rendered":"https:\/\/www.hallo-wippingen.de\/wp\/?p=2948"},"modified":"2020-03-09T12:07:51","modified_gmt":"2020-03-09T11:07:51","slug":"erinnerung-11-3-2020-veranstaltung-zum-frauentag","status":"publish","type":"post","link":"https:\/\/www.hallo-wippingen.de\/wp\/2020\/03\/erinnerung-11-3-2020-veranstaltung-zum-frauentag\/","title":{"rendered":"Erinnerung: 11. 3.2020 Veranstaltung zum Frauentag"},"content":{"rendered":"\n<div class=\"wp-block-image\"><figure class=\"alignright is-resized\"><a href=\"https:\/\/www.hallo-wippingen.de\/wp\/wp-content\/uploads\/2020\/02\/EinladungInternationalerFrauentag.pdf\" target=\"_blank\" rel=\"noreferrer noopener\"><img loading=\"lazy\" src=\"https:\/\/www.hallo-wippingen.de\/wp\/wp-content\/uploads\/2020\/02\/flyer-724x1024.jpg\" alt=\"Flyer zum Frauentag\" class=\"wp-image-2818\" width=\"181\" height=\"256\" srcset=\"https:\/\/www.hallo-wippingen.de\/wp\/wp-content\/uploads\/2020\/02\/flyer-724x1024.jpg 724w, https:\/\/www.hallo-wippingen.de\/wp\/wp-content\/uploads\/2020\/02\/flyer-212x300.jpg 212w, https:\/\/www.hallo-wippingen.de\/wp\/wp-content\/uploads\/2020\/02\/flyer-768x1086.jpg 768w, https:\/\/www.hallo-wippingen.de\/wp\/wp-content\/uploads\/2020\/02\/flyer-106x150.jpg 106w, https:\/\/www.hallo-wippingen.de\/wp\/wp-content\/uploads\/2020\/02\/flyer-400x566.jpg 400w, https:\/\/www.hallo-wippingen.de\/wp\/wp-content\/uploads\/2020\/02\/flyer.jpg 778w\" sizes=\"(max-width: 181px) 100vw, 181px\" \/><\/a><\/figure><\/div>\n\n\n\n<p>Die Gleichstellungsbeauftragte der Samtgemeinde D\u00f6rpen l\u00e4dt in Zusammenarbeit mit der kfd D\u00f6rpen ein zu einer spannenden Autorenlesung mit <a href=\"http:\/\/www.elisabeth-tondera.de\/\" target=\"_blank\" rel=\"noreferrer noopener\" aria-label=\"Elisabeth Tondera  (\u00f6ffnet in neuem Tab)\">Elisabeth Tondera <\/a>und <a rel=\"noreferrer noopener\" aria-label=\"Ursula Feldmann (\u00f6ffnet in neuem Tab)\" href=\"https:\/\/www.noz.de\/lokales\/lingen\/artikel\/552110\/hohe-ehrung-fur-ursula-feldmann-aus-emsburen#gallery&amp;0&amp;3&amp;552110\" target=\"_blank\">Ursula Feldmann<\/a>.<\/p>\n\n\n\n<p>Anmeldung erbeten bei:  Silke Kuhl, Gleichstellungsbeauftragte der SG D\u00f6rpen, Tel. 04963\/910310. [<em>PM Kuhl \/ jdm<\/em>]<\/p>\n","protected":false},"excerpt":{"rendered":"<p>Die Gleichstellungsbeauftragte der Samtgemeinde D\u00f6rpen l\u00e4dt in Zusammenarbeit mit der kfd D\u00f6rpen ein zu einer spannenden Autorenlesung mit Elisabeth Tondera und Ursula Feldmann. Anmeldung erbeten bei: Silke Kuhl, Gleichstellungsbeauftragte der SG D\u00f6rpen, Tel. 04963\/910310. [PM Kuhl \/ jdm]<\/p>\n","protected":false},"author":3,"featured_media":0,"comment_status":"closed","ping_status":"closed","sticky":false,"template":"","format":"standard","meta":[],"categories":[32,4],"tags":[397],"_links":{"self":[{"href":"https:\/\/www.hallo-wippingen.de\/wp\/wp-json\/wp\/v2\/posts\/2948"}],"collection":[{"href":"https:\/\/www.hallo-wippingen.de\/wp\/wp-json\/wp\/v2\/posts"}],"about":[{"href":"https:\/\/www.hallo-wippingen.de\/wp\/wp-json\/wp\/v2\/types\/post"}],"author":[{"embeddable":true,"href":"https:\/\/www.hallo-wippingen.de\/wp\/wp-json\/wp\/v2\/users\/3"}],"replies":[{"embeddable":true,"href":"https:\/\/www.hallo-wippingen.de\/wp\/wp-json\/wp\/v2\/comments?post=2948"}],"version-history":[{"count":4,"href":"https:\/\/www.hallo-wippingen.de\/wp\/wp-json\/wp\/v2\/posts\/2948\/revisions"}],"predecessor-version":[{"id":2952,"href":"https:\/\/www.hallo-wippingen.de\/wp\/wp-json\/wp\/v2\/posts\/2948\/revisions\/2952"}],"wp:attachment":[{"href":"https:\/\/www.hallo-wippingen.de\/wp\/wp-json\/wp\/v2\/media?parent=2948"}],"wp:term":[{"taxonomy":"category","embeddable":true,"href":"https:\/\/www.hallo-wippingen.de\/wp\/wp-json\/wp\/v2\/categories?post=2948"},{"taxonomy":"post_tag","embeddable":true,"href":"https:\/\/www.hallo-wippingen.de\/wp\/wp-json\/wp\/v2\/tags?post=2948"}],"curies":[{"name":"wp","href":"https:\/\/api.w.org\/{rel}","templated":true}]}}