{"id":26329,"date":"2026-09-02T21:32:41","date_gmt":"2026-09-02T19:32:41","guid":{"rendered":"https:\/\/www.hallo-wippingen.de\/wp\/?p=26329"},"modified":"2026-09-03T07:28:55","modified_gmt":"2026-09-03T05:28:55","slug":"letzte-gemeinderatssitzung-dieser-ratsperiode","status":"publish","type":"post","link":"https:\/\/www.hallo-wippingen.de\/wp\/2026\/09\/letzte-gemeinderatssitzung-dieser-ratsperiode\/","title":{"rendered":"Letzte Gemeinderatssitzung dieser Ratsperiode"},"content":{"rendered":"\n<div class=\"wp-block-image\"><figure class=\"alignleft size-large is-resized\"><a href=\"https:\/\/www.hallo-wippingen.de\/wp\/wp-content\/uploads\/2026\/09\/Gemeinderat-02-09-2026.jpg\" target=\"_blank\" rel=\"noopener\"><img loading=\"lazy\" src=\"https:\/\/www.hallo-wippingen.de\/wp\/wp-content\/uploads\/2026\/09\/Gemeinderat-02-09-2026-1024x768.jpg\" alt=\"Gemeinderat Wippingen am 02.09.2026: v.l. Martin Hempen, Jonas Schwering, Christian Koers, Johannes Kuper, Marie-Theres Riedel, Silvia Klaas, Hermann-Josef Pieper\" class=\"wp-image-26330\" width=\"256\" height=\"192\" srcset=\"https:\/\/www.hallo-wippingen.de\/wp\/wp-content\/uploads\/2026\/09\/Gemeinderat-02-09-2026-1024x768.jpg 1024w, https:\/\/www.hallo-wippingen.de\/wp\/wp-content\/uploads\/2026\/09\/Gemeinderat-02-09-2026-300x225.jpg 300w, https:\/\/www.hallo-wippingen.de\/wp\/wp-content\/uploads\/2026\/09\/Gemeinderat-02-09-2026-768x576.jpg 768w, https:\/\/www.hallo-wippingen.de\/wp\/wp-content\/uploads\/2026\/09\/Gemeinderat-02-09-2026-150x112.jpg 150w, https:\/\/www.hallo-wippingen.de\/wp\/wp-content\/uploads\/2026\/09\/Gemeinderat-02-09-2026-400x300.jpg 400w, https:\/\/www.hallo-wippingen.de\/wp\/wp-content\/uploads\/2026\/09\/Gemeinderat-02-09-2026.jpg 1467w\" sizes=\"(max-width: 256px) 100vw, 256px\" \/><\/a><figcaption>Gemeinderat Wippingen am 02.09.2026: v.l. Martin Hempen, Jonas Schwering, Christian Koers, Johannes Kuper, Marie-Theres Riedel, Silvia Klaas, Hermann-Josef Pieper, es fehlt Marlies Berling<\/figcaption><\/figure><\/div>\n\n\n\n<p>Der Wippinger Gemeinderat traf sich heute zu seiner letzten Sitzung dieser Wahlperiode, um letzte Angelegenheiten zu regeln. Deshalb erlaubten wir uns einmal, den Rat am Beratungstisch zu fotografieren. Marlies Berling konnte leider heute krankheitsbedingt nicht teilnehmen. <\/p>\n\n\n\n<p>B\u00fcrgermeister Martin Hempen dankte Marie-Theres Riedel f\u00fcr ihre Arbeit im Rat. Riedel kandidiert nicht erneut und wird somit sicher nicht im neuen Rat, der am 23. September gew\u00e4hlt wird, vertreten sein. <\/p>\n\n\n\n<p>Inhaltlich ging es im \u00f6ffentlichen Teil der Sitzung nur um den Vorschlag eines Mehrgenerationenspielplatzes. Dazu wurde von einer Planerin ein Konzept vorgelegt. Jonas Schwering, von dem der Vorschlag f\u00fcr den Spielplatz stammte, zeigte sich entt\u00e4uscht von dem Vorschlag. Wenn man so viel Geld, wie in den Raum gestellt worden war, in die Hand nehme, m\u00fcsse schon mehr drin sein, als diese wenigen Spielger\u00e4te. Hempen berichtete, dass die Planerin den vorgesehenen Platz als ausgezeichnet geeignet beschrieben habe. Christian Koers pl\u00e4dierte, wie alle anderen, daf\u00fcr, sich mehr Zeit f\u00fcr die Planung zu lassen. Johannes Kuper sagte, man solle den Beschluss \u00fcber eine solche Ausgabe dem neugew\u00e4hlten Rat \u00fcberlassen.<\/p>\n\n\n\n<p>In er B\u00fcrgerfragestunde beschwerte sich Martin D\u00fcthmann \u00fcber den Hundekot, der in der Siedlung immer mehr \u00fcberhand nehme. Hempen verwies darauf, dass es sich um eine Ordnungswidrigkeit handele. Den Hundekot m\u00fcssten Halter mit den Kott\u00fcten entsorgen. Gott sei Dank habe die teure Unsitte, die Kotbeutel in Gullys zu entsorgen, keine weitere Schule gemacht.<\/p>\n\n\n\n<p>Hempen k\u00fcndigte an, dass mehrere Vereine sich derzeit um die Finanzierung von Defibrillatoren bem\u00fchten, die in den Gewerbegebieten, an der Mehrzweckhalle und am Sch\u00fctzenhaus stationiert werden sollten. Auf die Gemeinde k\u00e4men damit wohl Wartungskosten zu, denn eine regelm\u00e4\u00dfige Wartung sei hierbei unabdingbar. [<em>jdm<\/em>]<\/p>\n","protected":false},"excerpt":{"rendered":"<p>Der Wippinger Gemeinderat traf sich heute zu seiner letzten Sitzung dieser Wahlperiode, um letzte Angelegenheiten zu regeln. Deshalb erlaubten wir uns einmal, den Rat am Beratungstisch zu fotografieren. Marlies Berling konnte leider heute krankheitsbedingt nicht teilnehmen. B\u00fcrgermeister Martin Hempen dankte Marie-Theres Riedel f\u00fcr ihre Arbeit im Rat. Riedel kandidiert nicht erneut und wird somit sicher [&hellip;]<\/p>\n","protected":false},"author":3,"featured_media":0,"comment_status":"closed","ping_status":"closed","sticky":false,"template":"","format":"standard","meta":[],"categories":[207,4],"tags":[313,3291,3281],"_links":{"self":[{"href":"https:\/\/www.hallo-wippingen.de\/wp\/wp-json\/wp\/v2\/posts\/26329"}],"collection":[{"href":"https:\/\/www.hallo-wippingen.de\/wp\/wp-json\/wp\/v2\/posts"}],"about":[{"href":"https:\/\/www.hallo-wippingen.de\/wp\/wp-json\/wp\/v2\/types\/post"}],"author":[{"embeddable":true,"href":"https:\/\/www.hallo-wippingen.de\/wp\/wp-json\/wp\/v2\/users\/3"}],"replies":[{"embeddable":true,"href":"https:\/\/www.hallo-wippingen.de\/wp\/wp-json\/wp\/v2\/comments?post=26329"}],"version-history":[{"count":6,"href":"https:\/\/www.hallo-wippingen.de\/wp\/wp-json\/wp\/v2\/posts\/26329\/revisions"}],"predecessor-version":[{"id":26339,"href":"https:\/\/www.hallo-wippingen.de\/wp\/wp-json\/wp\/v2\/posts\/26329\/revisions\/26339"}],"wp:attachment":[{"href":"https:\/\/www.hallo-wippingen.de\/wp\/wp-json\/wp\/v2\/media?parent=26329"}],"wp:term":[{"taxonomy":"category","embeddable":true,"href":"https:\/\/www.hallo-wippingen.de\/wp\/wp-json\/wp\/v2\/categories?post=26329"},{"taxonomy":"post_tag","embeddable":true,"href":"https:\/\/www.hallo-wippingen.de\/wp\/wp-json\/wp\/v2\/tags?post=26329"}],"curies":[{"name":"wp","href":"https:\/\/api.w.org\/{rel}","templated":true}]}}