{"id":24611,"date":"2026-03-16T23:11:29","date_gmt":"2026-03-16T22:11:29","guid":{"rendered":"https:\/\/www.hallo-wippingen.de\/wp\/?p=24611"},"modified":"2026-03-16T23:11:31","modified_gmt":"2026-03-16T22:11:31","slug":"einladung-zur-generalversammlung-der-schuetzenkapelle","status":"publish","type":"post","link":"https:\/\/www.hallo-wippingen.de\/wp\/2026\/03\/einladung-zur-generalversammlung-der-schuetzenkapelle\/","title":{"rendered":"Einladung zur Generalversammlung der Sch\u00fctzenkapelle"},"content":{"rendered":"\n<div class=\"wp-block-image\"><figure class=\"alignright size-large is-resized\"><a href=\"https:\/\/www.hallo-wippingen.de\/wp\/wp-content\/uploads\/2026\/03\/Logo-SKW.jpg\" target=\"_blank\" rel=\"noopener\"><img loading=\"lazy\" src=\"https:\/\/www.hallo-wippingen.de\/wp\/wp-content\/uploads\/2026\/03\/Logo-SKW.jpg\" alt=\"\" class=\"wp-image-24612\" width=\"150\" height=\"150\" srcset=\"https:\/\/www.hallo-wippingen.de\/wp\/wp-content\/uploads\/2026\/03\/Logo-SKW.jpg 300w, https:\/\/www.hallo-wippingen.de\/wp\/wp-content\/uploads\/2026\/03\/Logo-SKW-150x150.jpg 150w\" sizes=\"(max-width: 150px) 100vw, 150px\" \/><\/a><\/figure><\/div>\n\n\n\n<p>Am Freitag, den 20. M\u00e4rz 2026 findet um 19.30 Uhr im Gemeindezentrum die diesj\u00e4hrige Generalversammlung der Sch\u00fctzenkapelle statt.<\/p>\n\n\n\n<p>Alle aktiven und passiven Mitglieder sind recht herzlich eingeladen. Wir freuen uns auf euer Kommen. <\/p>\n\n\n\n<p>Mit musikalischen Gr\u00fc\u00dfen, der Vorstand [<em>Marlies Berling<\/em>]<\/p>\n","protected":false},"excerpt":{"rendered":"<p>Am Freitag, den 20. M\u00e4rz 2026 findet um 19.30 Uhr im Gemeindezentrum die diesj\u00e4hrige Generalversammlung der Sch\u00fctzenkapelle statt. Alle aktiven und passiven Mitglieder sind recht herzlich eingeladen. Wir freuen uns auf euer Kommen. Mit musikalischen Gr\u00fc\u00dfen, der Vorstand [Marlies Berling]<\/p>\n","protected":false},"author":3,"featured_media":0,"comment_status":"closed","ping_status":"closed","sticky":false,"template":"","format":"standard","meta":[],"categories":[484,4],"tags":[1143],"_links":{"self":[{"href":"https:\/\/www.hallo-wippingen.de\/wp\/wp-json\/wp\/v2\/posts\/24611"}],"collection":[{"href":"https:\/\/www.hallo-wippingen.de\/wp\/wp-json\/wp\/v2\/posts"}],"about":[{"href":"https:\/\/www.hallo-wippingen.de\/wp\/wp-json\/wp\/v2\/types\/post"}],"author":[{"embeddable":true,"href":"https:\/\/www.hallo-wippingen.de\/wp\/wp-json\/wp\/v2\/users\/3"}],"replies":[{"embeddable":true,"href":"https:\/\/www.hallo-wippingen.de\/wp\/wp-json\/wp\/v2\/comments?post=24611"}],"version-history":[{"count":1,"href":"https:\/\/www.hallo-wippingen.de\/wp\/wp-json\/wp\/v2\/posts\/24611\/revisions"}],"predecessor-version":[{"id":24613,"href":"https:\/\/www.hallo-wippingen.de\/wp\/wp-json\/wp\/v2\/posts\/24611\/revisions\/24613"}],"wp:attachment":[{"href":"https:\/\/www.hallo-wippingen.de\/wp\/wp-json\/wp\/v2\/media?parent=24611"}],"wp:term":[{"taxonomy":"category","embeddable":true,"href":"https:\/\/www.hallo-wippingen.de\/wp\/wp-json\/wp\/v2\/categories?post=24611"},{"taxonomy":"post_tag","embeddable":true,"href":"https:\/\/www.hallo-wippingen.de\/wp\/wp-json\/wp\/v2\/tags?post=24611"}],"curies":[{"name":"wp","href":"https:\/\/api.w.org\/{rel}","templated":true}]}}