{"id":24569,"date":"2026-03-14T20:53:06","date_gmt":"2026-03-14T19:53:06","guid":{"rendered":"https:\/\/www.hallo-wippingen.de\/wp\/?p=24569"},"modified":"2026-03-15T11:06:25","modified_gmt":"2026-03-15T10:06:25","slug":"ewigkeitschemikalie-pfas-ueber-hundert-verdachtsflaechen-im-emsland","status":"publish","type":"post","link":"https:\/\/www.hallo-wippingen.de\/wp\/2026\/03\/ewigkeitschemikalie-pfas-ueber-hundert-verdachtsflaechen-im-emsland\/","title":{"rendered":"Ewigkeitschemikalie PFAS: \u00dcber hundert Verdachtsfl\u00e4chen im Emsland"},"content":{"rendered":"\n<p>In der Sitzung des Ausschusses f\u00fcr Umwelt und Natur beim Landkreis Emsland am 9. M\u00e4rz war ein Tagesordnungspunkt mit \u201eVorstellung des PFAS-Katasters (PFAS= Per- und polyfluorierte Alkylverbindungen)\u201c beschrieben. Die \u00f6ffentlich einsehbare <a href=\"https:\/\/landkreis-emsland.ratsinfomanagement.net\/sitzungsinfo\/sdnetrim\/UGhVM0hpd2NXNFdFcExjZfIrMIr7hyvPmkXTVHHP3JZFOv7wSsEeDNByRa83V6lQ\/Beschlussvorlage_Workflow_225-2025.pdf\" target=\"_blank\" rel=\"noreferrer noopener\">Sitzungsvorlage<\/a> erl\u00e4utert die Ausgangssituation im Landkreis:<br>In den letzten Jahren ist die von organischen Fluorverbindungen (per- und polyfluorierte Alkylsubstanzen \u2013 PFAS) ausgehende Gef\u00e4hrdung zunehmend in den Fokus der \u00d6ffentlichkeit ger\u00fcckt. Diese organischen Fluorverbindungen, die aufgrund ihrer Langlebigkeit (Persistenz) auch als \u201eEwigkeitschemikalien\u201c bezeichnet werden, kamen seit 1960\/1970 in den verschiedensten Bereichen zur Anwendung. Dabei ist insbesondere die Nutzung als Schauml\u00f6schmittel bei den Feuerwehren, aber auch die Verwendung in der Produktion von Verpackungen, Antihaftbeschichtungen oder Kosmetika zu nennen.<\/p>\n\n\n\n<p>Der Landkreis Emsland wurde durch das Umweltministerium des Landes Niedersachsen dazu aufgefordert, solche Fl\u00e4chen im Kreisgebiet zu erfassen, f\u00fcr die ein Verdacht f\u00fcr eine Verunreinigung des Untergrundes durch PFAS-haltige Substanzen besteht. Mit der Aufgabe wurde das Sachverst\u00e4ndigenb\u00fcro Dr. Mark, Dr. Schewe &amp; Partner GmbH (MSP) aus Bochum beauftragt. W\u00e4hrend der Ausschusssitzung referierten Dr. Mark \u00fcber die Ergebnisse seiner Recherchen.<\/p>\n\n\n\n<p>Der Fokus der Untersuchung lag auf Fl\u00e4chen, auf denen eine Brandbek\u00e4mpfung stattgefunden hat, aber auch auf ehemaligen sowie aktuellen Standorten der Feuerwehren im Emsland. Um den Umfang der PFAS-Belastung quantitativ und qualitativ beziffern zu k\u00f6nnen, wurden durch den Sachverst\u00e4ndigen im Rahmen der Ersteinsch\u00e4tzung die Wahrscheinlichkeit eines Einsatzes PFAS-haltiger Schauml\u00f6schmittel untersucht.<\/p>\n\n\n\n<p>Insgesamt konnten im Emsland \u00fcber hundert Fl\u00e4chen mit einer potentiellen PFAS-Belastung identifiziert werden, die in die Kategorien geringe, mittlere und hohe Altlastenrelevanz eingeteilt wurden. Der MSP-Untersuchung zufolge wurden bei vornehmlich in Lokalzeitungen durchgef\u00fchrten Recherchen 106 Br\u00e4nde erfasst, beispielsweise der Gro\u00dfbrand bei der Firma Jansen-Tore im Jahr 1997. (Durch den Brand wurden ca. 10.000 m<sup>2<\/sup> Produktionsfl\u00e4che sowie 200 m<sup>2<\/sup> B\u00fcrofl\u00e4che vernichtet, ist auf der <a rel=\"noreferrer noopener\" href=\"https:\/\/www.jansenholding.de\/404\/historie\" target=\"_blank\">Firmenhomepage<\/a> zur Historie des Unternehmens zu lesen.) Die F\u00e4lle wurde daraufhin betrachtet, ob bei den L\u00f6scharbeiten der Einsatz von PFAS-L\u00f6schsch\u00e4umen in Frage kam. Von den erfassten Ereignissen wurden 44 F\u00e4lle als irrelevant oder nicht lokalisierbar eingestuft. In 62 F\u00e4llen gab es Anhaltspunkte f\u00fcr die Verwendung von PFAS-Sch\u00e4umen, 22 davon stufe man als relevante Verdachtsf\u00e4lle ein, sagte Dr. Mark. In weiteren Untersuchungen soll nun gekl\u00e4rt werden, ob, und ggf. wo Sanierungsbedarf besteht.<\/p>\n\n\n\n<div class=\"wp-block-image\"><figure class=\"alignright size-large is-resized\"><img loading=\"lazy\" src=\"https:\/\/www.hallo-wippingen.de\/wp\/wp-content\/uploads\/2026\/03\/Blake_Vergiftung-der-Welt-Cover.jpg\" alt=\"Buchcover Die Vergiftung der Welt\" class=\"wp-image-24570\" width=\"145\" height=\"205\" srcset=\"https:\/\/www.hallo-wippingen.de\/wp\/wp-content\/uploads\/2026\/03\/Blake_Vergiftung-der-Welt-Cover.jpg 580w, https:\/\/www.hallo-wippingen.de\/wp\/wp-content\/uploads\/2026\/03\/Blake_Vergiftung-der-Welt-Cover-212x300.jpg 212w, https:\/\/www.hallo-wippingen.de\/wp\/wp-content\/uploads\/2026\/03\/Blake_Vergiftung-der-Welt-Cover-106x150.jpg 106w, https:\/\/www.hallo-wippingen.de\/wp\/wp-content\/uploads\/2026\/03\/Blake_Vergiftung-der-Welt-Cover-400x566.jpg 400w\" sizes=\"(max-width: 145px) 100vw, 145px\" \/><\/figure><\/div>\n\n\n\n<p>Die US-amerikanische Investigativ-Journalistin Mariah Blake beschreibt in ihrem gerade auf Deutsch erschienenen Buch \u201e<a href=\"https:\/\/www.oekom.de\/buch\/die-vergiftung-der-welt-9783987265150\" target=\"_blank\" rel=\"noreferrer noopener\">Die Vergiftung der Welt<\/a>\u201c den globalen PFAS-Skandal und zeigt detailliert auf, wie Industrievertreter und Beh\u00f6rden versucht haben, ihn zu vertuschen. Das Buch ist zwar wie eine Kriminalgeschichte mit einigen pers\u00f6nlichen Schicksalen aufgebaut, liefert aber auch viele Fakten zum Einsatz von PFAS-Verbindungen und zum Verst\u00e4ndnis des PFAS-Skandals.<\/p>\n\n\n\n<p>In einem Vorwort zum Buch schreibt der deutsche Journalist Daniel Drepper, dass allein in Deutschland mehrere tausend Orte mit PFAS belastet sind. Derzeit werde in der EU erstmals eine weitreichende Beschr\u00e4nkung von PFAS verhandelt, doch Industrievertreter versuchten die zust\u00e4ndigen Politiker seit Jahren mit fragw\u00fcrdigen Argumenten zu beeinflussen, um die Beschr\u00e4nkungen zu verhindern oder zu verw\u00e4ssern.<\/p>\n\n\n\n<p>In den 1960er Jahren wurden hocheffektive L\u00f6schsch\u00e4ume entwickelt, die PFOA (Perfluoroctans\u00e4ure) und PFOS (Perfluoroctansulfons\u00e4ure) enthielten. Dieser Schaum wurde weltweit zur Brandbek\u00e4mpfung eingesetzt. Und diese Stoffe sind es, die jetzt den Landkreis Emsland besch\u00e4ftigen. [<em>HM\/erstver\u00f6ffentlicht auf <a rel=\"noreferrer noopener\" href=\"https:\/\/gruenealternative.de\/forum-d-2\/\" target=\"_blank\">gruenealternative.de\/forum-d<\/a><\/em>]<\/p>\n","protected":false},"excerpt":{"rendered":"<p>In der Sitzung des Ausschusses f\u00fcr Umwelt und Natur beim Landkreis Emsland am 9. M\u00e4rz war ein Tagesordnungspunkt mit \u201eVorstellung des PFAS-Katasters (PFAS= Per- und polyfluorierte Alkylverbindungen)\u201c beschrieben. Die \u00f6ffentlich einsehbare Sitzungsvorlage erl\u00e4utert die Ausgangssituation im Landkreis:In den letzten Jahren ist die von organischen Fluorverbindungen (per- und polyfluorierte Alkylsubstanzen \u2013 PFAS) ausgehende Gef\u00e4hrdung zunehmend in [&hellip;]<\/p>\n","protected":false},"author":3,"featured_media":0,"comment_status":"closed","ping_status":"closed","sticky":false,"template":"","format":"standard","meta":[],"categories":[32,322,205],"tags":[3013],"_links":{"self":[{"href":"https:\/\/www.hallo-wippingen.de\/wp\/wp-json\/wp\/v2\/posts\/24569"}],"collection":[{"href":"https:\/\/www.hallo-wippingen.de\/wp\/wp-json\/wp\/v2\/posts"}],"about":[{"href":"https:\/\/www.hallo-wippingen.de\/wp\/wp-json\/wp\/v2\/types\/post"}],"author":[{"embeddable":true,"href":"https:\/\/www.hallo-wippingen.de\/wp\/wp-json\/wp\/v2\/users\/3"}],"replies":[{"embeddable":true,"href":"https:\/\/www.hallo-wippingen.de\/wp\/wp-json\/wp\/v2\/comments?post=24569"}],"version-history":[{"count":3,"href":"https:\/\/www.hallo-wippingen.de\/wp\/wp-json\/wp\/v2\/posts\/24569\/revisions"}],"predecessor-version":[{"id":24577,"href":"https:\/\/www.hallo-wippingen.de\/wp\/wp-json\/wp\/v2\/posts\/24569\/revisions\/24577"}],"wp:attachment":[{"href":"https:\/\/www.hallo-wippingen.de\/wp\/wp-json\/wp\/v2\/media?parent=24569"}],"wp:term":[{"taxonomy":"category","embeddable":true,"href":"https:\/\/www.hallo-wippingen.de\/wp\/wp-json\/wp\/v2\/categories?post=24569"},{"taxonomy":"post_tag","embeddable":true,"href":"https:\/\/www.hallo-wippingen.de\/wp\/wp-json\/wp\/v2\/tags?post=24569"}],"curies":[{"name":"wp","href":"https:\/\/api.w.org\/{rel}","templated":true}]}}