{"id":24440,"date":"2026-03-05T18:17:58","date_gmt":"2026-03-05T17:17:58","guid":{"rendered":"https:\/\/www.hallo-wippingen.de\/wp\/?p=24440"},"modified":"2026-03-06T16:38:25","modified_gmt":"2026-03-06T15:38:25","slug":"kraniche-legen-zwischenstopp-im-emsland-ein","status":"publish","type":"post","link":"https:\/\/www.hallo-wippingen.de\/wp\/2026\/03\/kraniche-legen-zwischenstopp-im-emsland-ein\/","title":{"rendered":"Kraniche legen Zwischenstopp im Emsland ein"},"content":{"rendered":"\n<div class=\"wp-block-image\"><figure class=\"alignright size-large is-resized\"><a href=\"https:\/\/www.hallo-wippingen.de\/wp\/wp-content\/uploads\/2026\/03\/Kraniche_ND-red.jpg\" target=\"_blank\" rel=\"noopener\"><img loading=\"lazy\" src=\"https:\/\/www.hallo-wippingen.de\/wp\/wp-content\/uploads\/2026\/03\/Kraniche_ND-red-1024x651.jpg\" alt=\"\" class=\"wp-image-24441\" width=\"256\" height=\"163\" srcset=\"https:\/\/www.hallo-wippingen.de\/wp\/wp-content\/uploads\/2026\/03\/Kraniche_ND-red-1024x651.jpg 1024w, https:\/\/www.hallo-wippingen.de\/wp\/wp-content\/uploads\/2026\/03\/Kraniche_ND-red-300x191.jpg 300w, https:\/\/www.hallo-wippingen.de\/wp\/wp-content\/uploads\/2026\/03\/Kraniche_ND-red-768x488.jpg 768w, https:\/\/www.hallo-wippingen.de\/wp\/wp-content\/uploads\/2026\/03\/Kraniche_ND-red-150x95.jpg 150w, https:\/\/www.hallo-wippingen.de\/wp\/wp-content\/uploads\/2026\/03\/Kraniche_ND-red-400x254.jpg 400w, https:\/\/www.hallo-wippingen.de\/wp\/wp-content\/uploads\/2026\/03\/Kraniche_ND-red.jpg 1394w\" sizes=\"(max-width: 256px) 100vw, 256px\" \/><\/a><figcaption>Kraniche auf einem abgeernteten Maisfeld in Neud\u00f6rpen<\/figcaption><\/figure><\/div>\n\n\n\n<p>Schon seit Anfang Februar sind Kraniche auf dem Weg in ihre Brutgebiete. Die meisten der rund 400.000 Kraniche, die von S\u00fcdwesten kommen, ziehen \u00fcber Deutschland hinweg in ihre Sommerquartiere nach Skandinavien und ins Baltikum, erf\u00e4hrt man auf der <a rel=\"noreferrer noopener\" href=\"https:\/\/www1.wdr.de\/nachrichten\/fruehjahr-kraniche-kehren-zurueck-in-brutreviere-sommerquartiere-100.html\" target=\"_blank\">Nachrichtenseite des WDR<\/a>.<\/p>\n\n\n\n<p>Zurzeit machen einige Kranichfamilien offenbar einen Zwischenstopp im n\u00f6rdlichen Emsland.<\/p>\n\n\n\n<div class=\"wp-block-image\"><figure class=\"alignleft size-large is-resized\"><a href=\"https:\/\/www.hallo-wippingen.de\/wp\/wp-content\/uploads\/2026\/03\/KranicheStart-red.jpg\" target=\"_blank\" rel=\"noopener\"><img loading=\"lazy\" src=\"https:\/\/www.hallo-wippingen.de\/wp\/wp-content\/uploads\/2026\/03\/KranicheStart-red-1024x903.jpg\" alt=\"Kraniche bei Neud\u00f6rpen\" class=\"wp-image-24442\" width=\"256\" height=\"226\" srcset=\"https:\/\/www.hallo-wippingen.de\/wp\/wp-content\/uploads\/2026\/03\/KranicheStart-red-1024x903.jpg 1024w, https:\/\/www.hallo-wippingen.de\/wp\/wp-content\/uploads\/2026\/03\/KranicheStart-red-300x265.jpg 300w, https:\/\/www.hallo-wippingen.de\/wp\/wp-content\/uploads\/2026\/03\/KranicheStart-red-768x677.jpg 768w, https:\/\/www.hallo-wippingen.de\/wp\/wp-content\/uploads\/2026\/03\/KranicheStart-red-1536x1354.jpg 1536w, https:\/\/www.hallo-wippingen.de\/wp\/wp-content\/uploads\/2026\/03\/KranicheStart-red-150x132.jpg 150w, https:\/\/www.hallo-wippingen.de\/wp\/wp-content\/uploads\/2026\/03\/KranicheStart-red-400x353.jpg 400w, https:\/\/www.hallo-wippingen.de\/wp\/wp-content\/uploads\/2026\/03\/KranicheStart-red.jpg 1547w\" sizes=\"(max-width: 256px) 100vw, 256px\" \/><\/a><figcaption>Kraniche beim Start<\/figcaption><\/figure><\/div>\n\n\n\n<p>So konnte man gestern drei Kleingruppen der Tiere auf den \u00c4ckern in der N\u00e4he der Wippinger Dever s\u00fcdlich von Neud\u00f6rpen sehen, bzw. zun\u00e4chst ihre lauten Trompetenger\u00e4usche h\u00f6ren. Allerdings sind die durchziehenden Kraniche relativ scheu und starten bei Ann\u00e4herung von Menschen. In der Nacht lagen die Temperaturen laut DWD-Wetterstation D\u00f6rpen wieder bei minus 1,5 \u00b0C. K\u00e4lte sei f\u00fcr Kraniche aber kein gr\u00f6\u00dferes Problem, erf\u00e4hrt man im WDR-Bericht weiter. Anders als eine geschlossene Schneedecke, weil sich die V\u00f6gel im Winter unter anderem von Mais- und Getreideresten ern\u00e4hren, die dann schwerer zu finden seien. [<em>HM\/erstver\u00f6ffentlicht auf <a rel=\"noreferrer noopener\" href=\"https:\/\/gruenealternative.de\/forum-d-2\/\" target=\"_blank\">gruenealternative.de\/forum-d<\/a><\/em>]<\/p>\n","protected":false},"excerpt":{"rendered":"<p>Schon seit Anfang Februar sind Kraniche auf dem Weg in ihre Brutgebiete. Die meisten der rund 400.000 Kraniche, die von S\u00fcdwesten kommen, ziehen \u00fcber Deutschland hinweg in ihre Sommerquartiere nach Skandinavien und ins Baltikum, erf\u00e4hrt man auf der Nachrichtenseite des WDR. Zurzeit machen einige Kranichfamilien offenbar einen Zwischenstopp im n\u00f6rdlichen Emsland. So konnte man gestern [&hellip;]<\/p>\n","protected":false},"author":3,"featured_media":0,"comment_status":"closed","ping_status":"closed","sticky":false,"template":"","format":"standard","meta":[],"categories":[32,205],"tags":[587],"_links":{"self":[{"href":"https:\/\/www.hallo-wippingen.de\/wp\/wp-json\/wp\/v2\/posts\/24440"}],"collection":[{"href":"https:\/\/www.hallo-wippingen.de\/wp\/wp-json\/wp\/v2\/posts"}],"about":[{"href":"https:\/\/www.hallo-wippingen.de\/wp\/wp-json\/wp\/v2\/types\/post"}],"author":[{"embeddable":true,"href":"https:\/\/www.hallo-wippingen.de\/wp\/wp-json\/wp\/v2\/users\/3"}],"replies":[{"embeddable":true,"href":"https:\/\/www.hallo-wippingen.de\/wp\/wp-json\/wp\/v2\/comments?post=24440"}],"version-history":[{"count":2,"href":"https:\/\/www.hallo-wippingen.de\/wp\/wp-json\/wp\/v2\/posts\/24440\/revisions"}],"predecessor-version":[{"id":24458,"href":"https:\/\/www.hallo-wippingen.de\/wp\/wp-json\/wp\/v2\/posts\/24440\/revisions\/24458"}],"wp:attachment":[{"href":"https:\/\/www.hallo-wippingen.de\/wp\/wp-json\/wp\/v2\/media?parent=24440"}],"wp:term":[{"taxonomy":"category","embeddable":true,"href":"https:\/\/www.hallo-wippingen.de\/wp\/wp-json\/wp\/v2\/categories?post=24440"},{"taxonomy":"post_tag","embeddable":true,"href":"https:\/\/www.hallo-wippingen.de\/wp\/wp-json\/wp\/v2\/tags?post=24440"}],"curies":[{"name":"wp","href":"https:\/\/api.w.org\/{rel}","templated":true}]}}