{"id":24050,"date":"2026-01-24T00:06:58","date_gmt":"2026-01-23T23:06:58","guid":{"rendered":"https:\/\/www.hallo-wippingen.de\/wp\/?p=24050"},"modified":"2026-01-26T21:06:17","modified_gmt":"2026-01-26T20:06:17","slug":"das-eu-mercosur-abkommen-wird-umweltkrisen-verschaerfen-gut-wenn-es-nicht-kommt","status":"publish","type":"post","link":"https:\/\/www.hallo-wippingen.de\/wp\/2026\/01\/das-eu-mercosur-abkommen-wird-umweltkrisen-verschaerfen-gut-wenn-es-nicht-kommt\/","title":{"rendered":"Das EU-Mercosur-Abkommen wird Umweltkrisen versch\u00e4rfen &#8211; Gut wenn es nicht kommt"},"content":{"rendered":"\n<p>Die Inkraftsetzung des Mercosur-Abkommen, eines Freihandelsabkommens, das von der EU-Kommission vollkommen undemokratisch an den nationalen Parlamenten vorbei mit s\u00fcdamerikanischen Staaten abgeschlossen werden sollte, wurde vom Europaparlament verhindert. Gut so.<\/p>\n\n\n\n<p>Denn immerhin haben sich die Bauern in Europa, auch der deutsche <a href=\"https:\/\/www.bayerischerbauernverband.de\/mercosur\" target=\"_blank\" rel=\"noreferrer noopener\">Bauernverband<\/a>, dagegen ausgesprochen. Die Umweltsch\u00fctzer, wie z. B. der <a href=\"https:\/\/www.bund.net\/themen\/aktuelles\/detail-aktuelles\/news\/mercosur-abkommen-gefaehrdet-artenvielfalt-und-klima\/\" target=\"_blank\" rel=\"noreferrer noopener\">BUND <\/a>haben sich dagegen ausgesprochen. Die Klimasch\u00fctzer, wie z. B. <a href=\"https:\/\/www.greenpeace.de\/publikationen\/S04321_gp_ansicht_mercosur_klimaabkommen_studie_D_online_neu02_1.pdf\" target=\"_blank\" rel=\"noreferrer noopener\">Greenpeace<\/a>, haben sich dagegen ausgesprochen. Und diejenigen, die den Rechtsstaat nicht an Sondergerichte ausliefern wollen, haben sich auch dagegen ausgesprochen. Und in Frankreich haben sich praktisch alle dagegen ausgesprochen.<\/p>\n\n\n\n<p>Der Vertrag f\u00f6rdert umwelt- und klimasch\u00e4dliche Produktions- und Exportmodelle, treibt die Abholzung des Regenwaldes voran und bedroht die Artenvielfalt sowie indigene Gemeinschaften. Das Abkommen \u00f6ffnet neue M\u00e4rkte f\u00fcr Produkte mit hohen Umwelt- und Klimalasten wie Verbrennerfahrzeuge und Pestizide. Verbindliche Regeln f\u00fcr Klima- und Umweltschutz fehlen.<\/p>\n\n\n\n<p>Der Freihandelsvertrag w\u00fcrde zum Import von deutlich mehr preisg\u00fcnstigen landwirtschaftlichen Produkten aus S\u00fcdamerika nach Westeuropa f\u00fchren, was die Krise der Landwirtschaft in Frankreich, Irland, Italien und in Deutschland versch\u00e4rfen w\u00fcrde. Die deutsche Auto- und Maschinenbauindustrie und andere Konzerne aus anderen Branchen hoffen auf einen neuen Absatzmarkt in den vier Mercosur-Staaten &nbsp;Brasilien, Argentinien, Paraguay und Uruguay.<\/p>\n\n\n\n<p>Es gibt f\u00fcr die Menschen auf beiden Seiten des Atlantiks Gr\u00fcnde genug, gegen das Mercosur-Abkommen zu sein. Es dient fast ausschlie\u00dflich den Konzernen, die sich durch keine nationalen Gesetze einschr\u00e4nken lassen wollen. Zwar enth\u00e4lt das Mercosur-Abkommen im Gegensatz zu Abkommen wie CETA (mit Kanada) kein Kapitel zum Investitionsschutz und somit auch nicht die dort vereinbarten privaten Schiedsgerichte. Aber bei Handelsstreitigkeiten zwischen den Staaten werden tempor\u00e4re Schiedspanel aus unabh\u00e4ngigen Experten gebildet, die eine bindende Entscheidung treffen. Dass diese unabh\u00e4ngigen Experten dann sicher nicht von den Gewerkschaften oder von Bauernvereinigungen gestellt werden, d\u00fcrfte in einem Oligarchenstaat wie Deutschland oder Argentinien ziemlich sicher sein. \u00dcber diesen Umweg w\u00fcrden letztlich doch wieder private Gerichte der Konzerne Recht sprechen.<\/p>\n\n\n\n<p>Die \u00f6ffentliche Diskussion nach der Entscheidung des Europaparlaments ist eher als peinlich d\u00fcmmlich zu bewerten. Niemand spricht dar\u00fcber, was das Abkommen bedeuten w\u00fcrde, niemand spricht dar\u00fcber, wie die EU-Kommission die Parlamente ausgetrickst hat. Es wird nur dar\u00fcber lamentiert, dass es im EU-Parlament eine \u201eZusammenarbeit\u201c mit den Rechten gegeben habe.<\/p>\n\n\n\n<p>Der Gr\u00fcnen-Vorsitzende <a href=\"https:\/\/www.welt.de\/politik\/deutschland\/article697380eb984ba86eab23b93b\/mercosur-abkommen-banaszak-bedauert-abstimmung-mit-afd-gruene-seien-kulturell-verhaertet.html\" target=\"_blank\" rel=\"noreferrer noopener\">Banaszak bedauert<\/a>, dass es zur gemeinsamen Abstimmung mit der AFD im EU-Parlament gekommen sei. Dass die Gr\u00fcnen eine Zeit lang, Freihandelsabkommen abgelehnt haben, hat er vergessen. Denn Inhalte spielen bei den Gr\u00fcnen mehrheitlich keine Rolle mehr.<\/p>\n\n\n\n<p>SPD und CDU interessiert sowieso nur, was die Konzerne wollen. Und sie hoffen wider jede Vernunft, dass sie mit diesem Abkommen den Verlust der wirtschaftlichen Bedeutung Deutschlands durch die konfrontative Politik gegen China und Russland ausgleichen k\u00f6nnten. Deshalb wird das Mercosur-Abkommen gegen jede Realit\u00e4t auch als \u201egr\u00f6\u00dfte Freihandelszone der Welt\u201c mit 700 Millionen Menschen gepriesen. Dabei sind China und Indien mit jeweils 1,45 Mrd Menschen allein schon gr\u00f6\u00dfere Freihandelszonen. Und deshalb spielen sie weiter die Diffamierungskarte. Denn das vernebelt die Erkenntnis, dass das Mercosur-Abkommen nicht den Menschen und der Natur, sondern nur den Konzernen hilft. [<em>jdm<\/em>]<\/p>\n","protected":false},"excerpt":{"rendered":"<p>Die Inkraftsetzung des Mercosur-Abkommen, eines Freihandelsabkommens, das von der EU-Kommission vollkommen undemokratisch an den nationalen Parlamenten vorbei mit s\u00fcdamerikanischen Staaten abgeschlossen werden sollte, wurde vom Europaparlament verhindert. Gut so. Denn immerhin haben sich die Bauern in Europa, auch der deutsche Bauernverband, dagegen ausgesprochen. Die Umweltsch\u00fctzer, wie z. B. der BUND haben sich dagegen ausgesprochen. Die [&hellip;]<\/p>\n","protected":false},"author":3,"featured_media":0,"comment_status":"closed","ping_status":"closed","sticky":false,"template":"","format":"standard","meta":[],"categories":[207,19,393],"tags":[137,119,470,139,538],"_links":{"self":[{"href":"https:\/\/www.hallo-wippingen.de\/wp\/wp-json\/wp\/v2\/posts\/24050"}],"collection":[{"href":"https:\/\/www.hallo-wippingen.de\/wp\/wp-json\/wp\/v2\/posts"}],"about":[{"href":"https:\/\/www.hallo-wippingen.de\/wp\/wp-json\/wp\/v2\/types\/post"}],"author":[{"embeddable":true,"href":"https:\/\/www.hallo-wippingen.de\/wp\/wp-json\/wp\/v2\/users\/3"}],"replies":[{"embeddable":true,"href":"https:\/\/www.hallo-wippingen.de\/wp\/wp-json\/wp\/v2\/comments?post=24050"}],"version-history":[{"count":5,"href":"https:\/\/www.hallo-wippingen.de\/wp\/wp-json\/wp\/v2\/posts\/24050\/revisions"}],"predecessor-version":[{"id":24087,"href":"https:\/\/www.hallo-wippingen.de\/wp\/wp-json\/wp\/v2\/posts\/24050\/revisions\/24087"}],"wp:attachment":[{"href":"https:\/\/www.hallo-wippingen.de\/wp\/wp-json\/wp\/v2\/media?parent=24050"}],"wp:term":[{"taxonomy":"category","embeddable":true,"href":"https:\/\/www.hallo-wippingen.de\/wp\/wp-json\/wp\/v2\/categories?post=24050"},{"taxonomy":"post_tag","embeddable":true,"href":"https:\/\/www.hallo-wippingen.de\/wp\/wp-json\/wp\/v2\/tags?post=24050"}],"curies":[{"name":"wp","href":"https:\/\/api.w.org\/{rel}","templated":true}]}}