{"id":21637,"date":"2025-07-13T23:03:39","date_gmt":"2025-07-13T21:03:39","guid":{"rendered":"https:\/\/www.hallo-wippingen.de\/wp\/?p=21637"},"modified":"2025-07-13T23:03:40","modified_gmt":"2025-07-13T21:03:40","slug":"konmmt-jetzt-das-gesetz-gegen-einschuechterungsklagen","status":"publish","type":"post","link":"https:\/\/www.hallo-wippingen.de\/wp\/2025\/07\/konmmt-jetzt-das-gesetz-gegen-einschuechterungsklagen\/","title":{"rendered":"Konmmt jetzt das Gesetz gegen Einsch\u00fcchterungsklagen?"},"content":{"rendered":"\n<p>Als das <a rel=\"noreferrer noopener\" href=\"https:\/\/umweltinstitut.org\/\" target=\"_blank\">Umweltinstitut M\u00fcnchen e. V. <\/a>2017 \u00f6ffentlich \u00fcber den massiven Pestizideinsatz im S\u00fcdtiroler Apfelanbau berichteten, wollte es aufkl\u00e4ren \u2013 nicht vor Gericht landen. Doch genau das geschah: Die Kritiker wurden verklagt und mussten sich f\u00fcnf Jahre im so genannten S\u00fcdtiroler Pestizidprozess dagegen wehren. Geendet ist der Prozess mit Freispruch und Verfahrenseinstellungen.<\/p>\n\n\n\n<p>Bei dem Prozess handelte es sich um einen klassischen<a href=\"https:\/\/www.hallo-wippingen.de\/wp\/2025\/03\/einschuechternde-klagen-gegen-demokratische-bewegungen-studie-zu-haeufigkeit-in-deutschland\/\"> SLAPP (strategic lawsuit against public participation)<\/a>, also eine strategische Klage gegen \u00f6ffentliche Beteiligung. Bei solchen Klagen oder auch nur der Androhung davon geht es den Klagenden nicht in erster Linie darum, vor Gericht Recht zu bekommen, vielmehr sollen kritische Stimmen zum Schweigen gebracht werden: Kritiker:innen sollen unter dem psychologischen und finanziellen Druck der drohenden Klage einknicken und ihre Kritik zur\u00fcckziehen. So bedrohen SLAPPs nicht nur diejenigen, die direkt davon betroffen sind, sondern greifen auch demokratische Grundprinzipien wie Informations- und Meinungsfreiheit an. Weil diese Form des Rechtsmissbrauchs in den letzten Jahren in Europa zunehmend Schule gemacht hat, gr\u00fcndete sich die <em>Coalition against SLAPPsin Europe<\/em> (CASE). Diese Initiative hatte Erfolg: <a rel=\"noreferrer noopener\" href=\"https:\/\/umweltinstitut.org\/welt-und-handel\/meldungen\/eu-richtlinie-gegen-einschuechterungsklagen-kommt\/\" target=\"_blank\">Letztes Jahr verabschiedete das EU-Parlament eine europ\u00e4ische Anti-SLAPP-Richtlinie.<\/a><\/p>\n\n\n\n<p>Diese Richtlinie gilt allerdings nicht unmittelbar in allen Mitgliedstaaten der EU, sondern muss von den einzelnen L\u00e4ndern in nationales Recht \u00fcberf\u00fchrt werden \u2013 mit einem gewissen Spielraum bei der konkreten Ausgestaltung.<\/p>\n\n\n\n<p>Nun hat Justizministerin Stefanie Hubig (SPD) einen Entwurf f\u00fcr das Gesetz vorgelegt. <em>\u201eKritische Berichterstattung, wissenschaftliches und zivilgesellschaftliches Engagement sind f\u00fcr unsere Demokratie elementar. Wir d\u00fcrfen nicht zulassen, dass solche Stimmen mit missbr\u00e4uchlichen Klagen unterdr\u00fcckt werden \u2013 nur weil sie Einzelnen nicht passen\u201c,<\/em> so die Justizministerin.<\/p>\n\n\n\n<p>Das Umweltinstitut wertet dies als Erfolg der Anti-SLAPP-Kampagne. Wenn der Entwurf Kabinett und Bundestag passiert, g\u00e4be es in Deutschland erstmals einen verbindlichen rechtlichen Schutz vor SLAPPs. [<em>jdm<\/em>]<\/p>\n","protected":false},"excerpt":{"rendered":"<p>Als das Umweltinstitut M\u00fcnchen e. V. 2017 \u00f6ffentlich \u00fcber den massiven Pestizideinsatz im S\u00fcdtiroler Apfelanbau berichteten, wollte es aufkl\u00e4ren \u2013 nicht vor Gericht landen. Doch genau das geschah: Die Kritiker wurden verklagt und mussten sich f\u00fcnf Jahre im so genannten S\u00fcdtiroler Pestizidprozess dagegen wehren. Geendet ist der Prozess mit Freispruch und Verfahrenseinstellungen. Bei dem Prozess [&hellip;]<\/p>\n","protected":false},"author":3,"featured_media":0,"comment_status":"closed","ping_status":"closed","sticky":false,"template":"","format":"standard","meta":[],"categories":[207],"tags":[2570,2427,141],"_links":{"self":[{"href":"https:\/\/www.hallo-wippingen.de\/wp\/wp-json\/wp\/v2\/posts\/21637"}],"collection":[{"href":"https:\/\/www.hallo-wippingen.de\/wp\/wp-json\/wp\/v2\/posts"}],"about":[{"href":"https:\/\/www.hallo-wippingen.de\/wp\/wp-json\/wp\/v2\/types\/post"}],"author":[{"embeddable":true,"href":"https:\/\/www.hallo-wippingen.de\/wp\/wp-json\/wp\/v2\/users\/3"}],"replies":[{"embeddable":true,"href":"https:\/\/www.hallo-wippingen.de\/wp\/wp-json\/wp\/v2\/comments?post=21637"}],"version-history":[{"count":2,"href":"https:\/\/www.hallo-wippingen.de\/wp\/wp-json\/wp\/v2\/posts\/21637\/revisions"}],"predecessor-version":[{"id":21639,"href":"https:\/\/www.hallo-wippingen.de\/wp\/wp-json\/wp\/v2\/posts\/21637\/revisions\/21639"}],"wp:attachment":[{"href":"https:\/\/www.hallo-wippingen.de\/wp\/wp-json\/wp\/v2\/media?parent=21637"}],"wp:term":[{"taxonomy":"category","embeddable":true,"href":"https:\/\/www.hallo-wippingen.de\/wp\/wp-json\/wp\/v2\/categories?post=21637"},{"taxonomy":"post_tag","embeddable":true,"href":"https:\/\/www.hallo-wippingen.de\/wp\/wp-json\/wp\/v2\/tags?post=21637"}],"curies":[{"name":"wp","href":"https:\/\/api.w.org\/{rel}","templated":true}]}}