{"id":21491,"date":"2025-07-01T23:00:00","date_gmt":"2025-07-01T21:00:00","guid":{"rendered":"https:\/\/www.hallo-wippingen.de\/wp\/?p=21491"},"modified":"2025-07-01T23:52:41","modified_gmt":"2025-07-01T21:52:41","slug":"verbaende-nehmen-stellung-zum-nationalen-entsorgungsprogramm-fuer-atommuell","status":"publish","type":"post","link":"https:\/\/www.hallo-wippingen.de\/wp\/2025\/07\/verbaende-nehmen-stellung-zum-nationalen-entsorgungsprogramm-fuer-atommuell\/","title":{"rendered":"Verb\u00e4nde nehmen Stellung zum Nationalen Entsorgungsprogramm f\u00fcr Atomm\u00fcll"},"content":{"rendered":"\n<div class=\"wp-block-image\"><figure class=\"alignright size-large is-resized\"><a href=\"https:\/\/www.ausgestrahlt.de\/aktiv-werden\/aktionen\/stellungnahme-napro\/?pk_campaign=None&amp;pk_kwd=None&amp;pk_source=mail\" target=\"_blank\" rel=\"noopener\"><img loading=\"lazy\" src=\"https:\/\/www.hallo-wippingen.de\/wp\/wp-content\/uploads\/2025\/07\/20250619_visual_napro.png__800x400_crop-True_subsampling-2_upscale-True.png\" alt=\"Zur Unterst\u00fctzungsseite von ausgestrahlt\" class=\"wp-image-21492\" width=\"200\" height=\"100\" srcset=\"https:\/\/www.hallo-wippingen.de\/wp\/wp-content\/uploads\/2025\/07\/20250619_visual_napro.png__800x400_crop-True_subsampling-2_upscale-True.png 800w, https:\/\/www.hallo-wippingen.de\/wp\/wp-content\/uploads\/2025\/07\/20250619_visual_napro.png__800x400_crop-True_subsampling-2_upscale-True-300x150.png 300w, https:\/\/www.hallo-wippingen.de\/wp\/wp-content\/uploads\/2025\/07\/20250619_visual_napro.png__800x400_crop-True_subsampling-2_upscale-True-768x384.png 768w, https:\/\/www.hallo-wippingen.de\/wp\/wp-content\/uploads\/2025\/07\/20250619_visual_napro.png__800x400_crop-True_subsampling-2_upscale-True-150x75.png 150w, https:\/\/www.hallo-wippingen.de\/wp\/wp-content\/uploads\/2025\/07\/20250619_visual_napro.png__800x400_crop-True_subsampling-2_upscale-True-400x200.png 400w\" sizes=\"(max-width: 200px) 100vw, 200px\" \/><\/a><\/figure><\/div>\n\n\n\n<p>Das Nationale Entsorgungsprogramm stellt die \u00fcbergeordnete Strategie der Bundesregierung f\u00fcr die sichere und verantwortungsvolle Entsorgung radioaktiver Abf\u00e4lle dar. Im Nationalen Entsorgungsprogramm wird dargelegt, wie mit radioaktiven Abf\u00e4llen umgegangen werden soll. Das Programm wird regelm\u00e4\u00dfig \u00fcberpr\u00fcft und alle zehn Jahre aktualisiert. Erstmalig wurde das Programm 2015 ver\u00f6ffentlicht.<\/p>\n\n\n\n<p>Der aktuelle Entwurf zum Nationalen Entsorgungsprogramm (NaPro) der Bundesregierung ist nach Auffassung der Umweltverb\u00e4nde ausgestrahlt, BUND, B\u00fcrgerinitiative Umweltschutz L\u00fcchow-Dannenberg, Arbeitsgemeinschaft Schacht Konrad und der Wolfenb\u00fctteler Atomausstiegsgruppe eine Katastrophe mit Ansage! Zwar liste er alle radioaktiven Abf\u00e4lle in Deutschland auf \u2013 doch die vorgeschlagenen Ma\u00dfnahmen zur \u201esicheren Entsorgung\u201c seien v\u00f6llig unzureichend und setzten unsere Umwelt und Gesundheit \u00fcber Generationen hinweg nuklearen Gefahren aus.<\/p>\n\n\n\n<p>So ignoriere das Papier zentrale Probleme wie lecke Atomm\u00fcllf\u00e4sser, nicht genehmigte Zwischenlager f\u00fcr Brennelemente, Atomschutt auf Hausm\u00fclldeponien, die Nicht-Eignung des maroden Eisenerzbergwerks Schacht KONRAD als Atomm\u00fclllager und viele mehr. <\/p>\n\n\n\n<p>Es br\u00e4uchte ein Entsorgungsprogramm, das wirklich sch\u00fctze \u2013 nicht eins, das nur vorgebe, es zu tun. In einer gemeinsamen Stellungnahme fordern die genannten Verb\u00e4nde einen transparenten, nachvollziehbaren Plan, der den Schutz vor radioaktiver Strahlung zum obersten Prinzip mache. Bis zum 4. August k\u00f6nne man Stellung zum geplanten Entsorgungsprogramm beziehen. <a rel=\"noreferrer noopener\" href=\"https:\/\/www.ausgestrahlt.de\/aktiv-werden\/aktionen\/stellungnahme-napro\/?pk_campaign=None&amp;pk_kwd=None&amp;pk_source=mail\" target=\"_blank\">Ausgestrahlt bittet um Unterst\u00fctzung ihrer Stellungnahme.<\/a><\/p>\n\n\n\n<p>Darin wird u. a. gefordert, das ungeeignete Eisenerzbergwerk Schacht KONRAD aufzugeben, die R\u00fcckholung der Abf\u00e4lle aus ASSE II zu beschleunigen, ein Gesamtkonzept f\u00fcr die verl\u00e4ngerte Zwischenlagerung zu erstellen und keine Zwischenlagerung ohne Genehmigung zuzulassen. Hauptforderung ist, sofort ein Standortauswahlverfahren f\u00fcr die tiefengeologische Lagerung aller schwach- und mittelradioaktiver Abf\u00e4lle einzuleiten und nicht erst in den 2050er Jahren damit zu beginnen. [<em>jdm<\/em>]<\/p>\n","protected":false},"excerpt":{"rendered":"<p>Das Nationale Entsorgungsprogramm stellt die \u00fcbergeordnete Strategie der Bundesregierung f\u00fcr die sichere und verantwortungsvolle Entsorgung radioaktiver Abf\u00e4lle dar. Im Nationalen Entsorgungsprogramm wird dargelegt, wie mit radioaktiven Abf\u00e4llen umgegangen werden soll. Das Programm wird regelm\u00e4\u00dfig \u00fcberpr\u00fcft und alle zehn Jahre aktualisiert. Erstmalig wurde das Programm 2015 ver\u00f6ffentlicht. Der aktuelle Entwurf zum Nationalen Entsorgungsprogramm (NaPro) der Bundesregierung [&hellip;]<\/p>\n","protected":false},"author":3,"featured_media":0,"comment_status":"closed","ping_status":"closed","sticky":false,"template":"","format":"standard","meta":[],"categories":[181,205],"tags":[2545,305,1924,1939,183],"_links":{"self":[{"href":"https:\/\/www.hallo-wippingen.de\/wp\/wp-json\/wp\/v2\/posts\/21491"}],"collection":[{"href":"https:\/\/www.hallo-wippingen.de\/wp\/wp-json\/wp\/v2\/posts"}],"about":[{"href":"https:\/\/www.hallo-wippingen.de\/wp\/wp-json\/wp\/v2\/types\/post"}],"author":[{"embeddable":true,"href":"https:\/\/www.hallo-wippingen.de\/wp\/wp-json\/wp\/v2\/users\/3"}],"replies":[{"embeddable":true,"href":"https:\/\/www.hallo-wippingen.de\/wp\/wp-json\/wp\/v2\/comments?post=21491"}],"version-history":[{"count":1,"href":"https:\/\/www.hallo-wippingen.de\/wp\/wp-json\/wp\/v2\/posts\/21491\/revisions"}],"predecessor-version":[{"id":21493,"href":"https:\/\/www.hallo-wippingen.de\/wp\/wp-json\/wp\/v2\/posts\/21491\/revisions\/21493"}],"wp:attachment":[{"href":"https:\/\/www.hallo-wippingen.de\/wp\/wp-json\/wp\/v2\/media?parent=21491"}],"wp:term":[{"taxonomy":"category","embeddable":true,"href":"https:\/\/www.hallo-wippingen.de\/wp\/wp-json\/wp\/v2\/categories?post=21491"},{"taxonomy":"post_tag","embeddable":true,"href":"https:\/\/www.hallo-wippingen.de\/wp\/wp-json\/wp\/v2\/tags?post=21491"}],"curies":[{"name":"wp","href":"https:\/\/api.w.org\/{rel}","templated":true}]}}