{"id":21468,"date":"2025-06-29T23:07:54","date_gmt":"2025-06-29T21:07:54","guid":{"rendered":"https:\/\/www.hallo-wippingen.de\/wp\/?p=21468"},"modified":"2025-06-29T23:07:55","modified_gmt":"2025-06-29T21:07:55","slug":"imi-studie-militaerausgaben-und-sozialabbau-ruestung-statt-rente-kanonen-statt-butter","status":"publish","type":"post","link":"https:\/\/www.hallo-wippingen.de\/wp\/2025\/06\/imi-studie-militaerausgaben-und-sozialabbau-ruestung-statt-rente-kanonen-statt-butter\/","title":{"rendered":"IMI-Studie Milit\u00e4rausgaben und Sozialabbau &#8211; R\u00fcstung statt Rente &#8211; Kanonen statt Butter"},"content":{"rendered":"\n<div class=\"wp-block-image\"><figure class=\"alignright size-large is-resized\"><a href=\"https:\/\/www.imi-online.de\/2025\/06\/25\/militaerausgaben-und-sozialabbau-3\/\" target=\"_blank\" rel=\"noopener\"><img loading=\"lazy\" src=\"https:\/\/www.hallo-wippingen.de\/wp\/wp-content\/uploads\/2025\/06\/Cover-IMI-Studie-Militaerausgaben-und-Sozialabbau-724x1024.jpg\" alt=\" IMI-Studie Milit\u00e4rausgaben und Sozialabbau 06\/2025\" class=\"wp-image-21469\" width=\"181\" height=\"256\" srcset=\"https:\/\/www.hallo-wippingen.de\/wp\/wp-content\/uploads\/2025\/06\/Cover-IMI-Studie-Militaerausgaben-und-Sozialabbau-724x1024.jpg 724w, https:\/\/www.hallo-wippingen.de\/wp\/wp-content\/uploads\/2025\/06\/Cover-IMI-Studie-Militaerausgaben-und-Sozialabbau-212x300.jpg 212w, https:\/\/www.hallo-wippingen.de\/wp\/wp-content\/uploads\/2025\/06\/Cover-IMI-Studie-Militaerausgaben-und-Sozialabbau-768x1086.jpg 768w, https:\/\/www.hallo-wippingen.de\/wp\/wp-content\/uploads\/2025\/06\/Cover-IMI-Studie-Militaerausgaben-und-Sozialabbau-1086x1536.jpg 1086w, https:\/\/www.hallo-wippingen.de\/wp\/wp-content\/uploads\/2025\/06\/Cover-IMI-Studie-Militaerausgaben-und-Sozialabbau-106x150.jpg 106w, https:\/\/www.hallo-wippingen.de\/wp\/wp-content\/uploads\/2025\/06\/Cover-IMI-Studie-Militaerausgaben-und-Sozialabbau-400x566.jpg 400w, https:\/\/www.hallo-wippingen.de\/wp\/wp-content\/uploads\/2025\/06\/Cover-IMI-Studie-Militaerausgaben-und-Sozialabbau.jpg 1240w\" sizes=\"(max-width: 181px) 100vw, 181px\" \/><\/a><\/figure><\/div>\n\n\n\n<p>Das beim NATO-Gipfel in Den Haag am 25. Juni 2025 beschlossene neue milit\u00e4rische Ausgabenziel von 5% des Bruttoinlandsproduktes wird zu irrwitzigen Steigerungen der R\u00fcstungsausgaben f\u00fchren. Aus diesem Grund hat sich die <a href=\"https:\/\/www.imi-online.de\/2025\/06\/25\/militaerausgaben-und-sozialabbau-3\/\" target=\"_blank\" rel=\"noreferrer noopener\">Informationsstelle Militarisierung e. V. <\/a>entschlossen, die IMI-Studie \u201eMilit\u00e4rausgaben und Sozialabbau\u201c zu aktualisieren und um die Zahlen f\u00fcr die k\u00fcnftige deutsche Haushaltsplanung zu erg\u00e4nzen.<\/p>\n\n\n\n<p>Die Kurzstudie fasst diverse Artikel der letzten Jahre zur Entwicklung der R\u00fcstungsausgaben zusammen und erg\u00e4nzt sie um die Aspekte des j\u00fcngsten deutschen R\u00fcstungs- und Schuldenpaketes sowie um die Auswirkungen der im Juni 2025 beschlossenen Erh\u00f6hung des NATO-Ausgabenziels auf 5% des Bruttoinlandsproduktes (BIP). <\/p>\n\n\n\n<p>Sie kommt zu dem Ergebnis, dass von einer kaputtgesparten Bundeswehr keine Rede sein kann (Anstieg der offiziellen Milit\u00e4rausgaben von 32,5 Mrd. Euro 2014 auf 50,4 Mrd. Euro 2022). Die im M\u00e4rz 2025 beschlossene weitgehende Aussetzung der Schuldenbremse soll laut aktueller Finanzplanung eine weitere Erh\u00f6hung des Milit\u00e4rhaushaltes im Kernhaushalt auf 152 Mrd. Euro im Jahr 2029 erm\u00f6glichen (plus weitere Mittel f\u00fcr Infrastruktur, Waffenlieferungen usw.). <\/p>\n\n\n\n<p>Kurzfristig sollen diese immensen Summen zwar \u00fcber zus\u00e4tzliche Schulden aufgebracht, mittel- bis langfristig aber aus dem Haushalt finanziert werden. Vor diesem Hintergrund bereitet derzeit eine asoziale Kanonen-statt-Butter-Rhetorik noch drastischere Sozialk\u00fcrzungen vor. <a href=\"https:\/\/www.imi-online.de\/download\/IMI-Studie2025-1-Kanonen-Butter.pdf\" target=\"_blank\" rel=\"noreferrer noopener\">Hier geht es zur vollst\u00e4ndigen Studie<\/a>. [<em>jdm<\/em>]<\/p>\n","protected":false},"excerpt":{"rendered":"<p>Das beim NATO-Gipfel in Den Haag am 25. Juni 2025 beschlossene neue milit\u00e4rische Ausgabenziel von 5% des Bruttoinlandsproduktes wird zu irrwitzigen Steigerungen der R\u00fcstungsausgaben f\u00fchren. Aus diesem Grund hat sich die Informationsstelle Militarisierung e. V. entschlossen, die IMI-Studie \u201eMilit\u00e4rausgaben und Sozialabbau\u201c zu aktualisieren und um die Zahlen f\u00fcr die k\u00fcnftige deutsche Haushaltsplanung zu erg\u00e4nzen. Die [&hellip;]<\/p>\n","protected":false},"author":3,"featured_media":0,"comment_status":"closed","ping_status":"closed","sticky":false,"template":"","format":"standard","meta":[],"categories":[26,31],"tags":[30,358,39,1795],"_links":{"self":[{"href":"https:\/\/www.hallo-wippingen.de\/wp\/wp-json\/wp\/v2\/posts\/21468"}],"collection":[{"href":"https:\/\/www.hallo-wippingen.de\/wp\/wp-json\/wp\/v2\/posts"}],"about":[{"href":"https:\/\/www.hallo-wippingen.de\/wp\/wp-json\/wp\/v2\/types\/post"}],"author":[{"embeddable":true,"href":"https:\/\/www.hallo-wippingen.de\/wp\/wp-json\/wp\/v2\/users\/3"}],"replies":[{"embeddable":true,"href":"https:\/\/www.hallo-wippingen.de\/wp\/wp-json\/wp\/v2\/comments?post=21468"}],"version-history":[{"count":1,"href":"https:\/\/www.hallo-wippingen.de\/wp\/wp-json\/wp\/v2\/posts\/21468\/revisions"}],"predecessor-version":[{"id":21470,"href":"https:\/\/www.hallo-wippingen.de\/wp\/wp-json\/wp\/v2\/posts\/21468\/revisions\/21470"}],"wp:attachment":[{"href":"https:\/\/www.hallo-wippingen.de\/wp\/wp-json\/wp\/v2\/media?parent=21468"}],"wp:term":[{"taxonomy":"category","embeddable":true,"href":"https:\/\/www.hallo-wippingen.de\/wp\/wp-json\/wp\/v2\/categories?post=21468"},{"taxonomy":"post_tag","embeddable":true,"href":"https:\/\/www.hallo-wippingen.de\/wp\/wp-json\/wp\/v2\/tags?post=21468"}],"curies":[{"name":"wp","href":"https:\/\/api.w.org\/{rel}","templated":true}]}}