{"id":21346,"date":"2025-06-25T23:13:51","date_gmt":"2025-06-25T21:13:51","guid":{"rendered":"https:\/\/www.hallo-wippingen.de\/wp\/?p=21346"},"modified":"2025-06-26T14:57:36","modified_gmt":"2025-06-26T12:57:36","slug":"traeger-der-kitas-in-den-samtgemeinden-lathen-und-doerpen-schliessen-sich-zu-traegerverband-zusammen","status":"publish","type":"post","link":"https:\/\/www.hallo-wippingen.de\/wp\/2025\/06\/traeger-der-kitas-in-den-samtgemeinden-lathen-und-doerpen-schliessen-sich-zu-traegerverband-zusammen\/","title":{"rendered":"Tr\u00e4ger der Kitas in den Samtgemeinden Lathen und D\u00f6rpen schlie\u00dfen sich zu Tr\u00e4gerverband zusammen"},"content":{"rendered":"\n<div class=\"wp-block-image\"><figure class=\"alignright size-large is-resized\"><a href=\"https:\/\/www.hallo-wippingen.de\/wp\/wp-content\/uploads\/2025\/06\/Bekanntmachung-Ratssitzung-03072025.pdf\" target=\"_blank\" rel=\"noopener\"><img loading=\"lazy\" src=\"https:\/\/www.hallo-wippingen.de\/wp\/wp-content\/uploads\/2025\/06\/Einladung-Gemeinderat-724x1024.jpg\" alt=\"\" class=\"wp-image-21347\" width=\"181\" height=\"256\" srcset=\"https:\/\/www.hallo-wippingen.de\/wp\/wp-content\/uploads\/2025\/06\/Einladung-Gemeinderat-724x1024.jpg 724w, https:\/\/www.hallo-wippingen.de\/wp\/wp-content\/uploads\/2025\/06\/Einladung-Gemeinderat-212x300.jpg 212w, https:\/\/www.hallo-wippingen.de\/wp\/wp-content\/uploads\/2025\/06\/Einladung-Gemeinderat-768x1086.jpg 768w, https:\/\/www.hallo-wippingen.de\/wp\/wp-content\/uploads\/2025\/06\/Einladung-Gemeinderat-1086x1536.jpg 1086w, https:\/\/www.hallo-wippingen.de\/wp\/wp-content\/uploads\/2025\/06\/Einladung-Gemeinderat-106x150.jpg 106w, https:\/\/www.hallo-wippingen.de\/wp\/wp-content\/uploads\/2025\/06\/Einladung-Gemeinderat-400x566.jpg 400w, https:\/\/www.hallo-wippingen.de\/wp\/wp-content\/uploads\/2025\/06\/Einladung-Gemeinderat.jpg 1240w\" sizes=\"(max-width: 181px) 100vw, 181px\" \/><\/a><\/figure><\/div>\n\n\n\n<p>Am Donnerstag, dem 03.07.2025 um 19.30 Uhr findet die n\u00e4chste <strong>Sitzung des Wippinger Gemeinderates<\/strong> im Heimathaus statt.<\/p>\n\n\n\n<p>Auf der Tagesordnung der \u00f6ffentlichen Sitzung stehen die Zustimmung zum <a href=\"https:\/\/www.hallo-wippingen.de\/wp\/wp-content\/uploads\/2025\/06\/Tagesordnungspunkt-7-Haushaltsplan-Kita-.pdf\" target=\"_blank\" rel=\"noreferrer noopener\">Haushaltsplan der Kindertagesst\u00e4tte<\/a>, die Diskussion \u00fcber den<a href=\"https:\/\/www.hallo-wippingen.de\/wp\/wp-content\/uploads\/2025\/06\/Tagesordnungspunkt-8-Kita-Traegerverband.pdf\" target=\"_blank\" rel=\"noreferrer noopener\"> Katholischen Kirchengemeindeverband Kindertagesst\u00e4tten D\u00f6rpen\/Lathen<\/a> und die <a href=\"https:\/\/www.hallo-wippingen.de\/wp\/wp-content\/uploads\/2025\/06\/Tagesordnungspunkt-9-Zuschuss-Buecherei.pdf\" target=\"_blank\" rel=\"noreferrer noopener\">Verschiebung der Sanierung der B\u00fccherei<\/a>, weil noch nicht gen\u00fcgend Spenden und Zusch\u00fcsse gesammelt werden konnten.<\/p>\n\n\n\n<p>Die Zustimmung zuum Haushaltsplan der Kita gilt als Formsache, weil der Haushaltsplan gepr\u00fcft wurde und somit die Kostenzusch\u00fcsse der Gemeinde feststehen.<\/p>\n\n\n\n<p>Die Gr\u00fcndung eines Kita-Tr\u00e4gerverbandes hat zur Folge, dass es die Gemeinde bei den Fragen zur Kindertagesst\u00e4tte nicht mehr allein mit der Kirchengemeinde zu tun hat, sondern mit diesem Tr\u00e4gerverband. Bisher wurden die finanziellen Angelegenheiten der Kindertagesst\u00e4tte von dem\/der ehrenamtlich t\u00e4tigen Rendanten\/Rendantin der Kirchengemeinde erledigt. Die RendantIn ist die KassenwartIn der Kirchengemeinde. In der Vergangenheit f\u00fchrte Hermann Jansen lange die Gesch\u00e4fte des Kindergartens, aktuell ist Franziska D\u00fcthmann daf\u00fcr zust\u00e4ndig. In der Beschlussvorlage der Gemeinde zum Kita-Haushalt steht &#8222;Frau D\u00fcthmann hat ein aufschlussreiches Zahlenwerk vorgelegt&#8220;. Das h\u00f6rt sich nach mehr an, als dem Kassenbericht eines durchschnittlichen Vereins. Die Aufsicht \u00fcber die Kita lag bei dem Pfarrer und Kirchenvorstand.<\/p>\n\n\n\n<p>Sowohl die finanzielle Verantwortung als auch die Personalverantwortlichkeit sind angesichts des Wachstums der Einrichtung ehrenamtlich kaum noch zu leisten. Dieses Problem haben auch die anderen kirchlichen Kindertagesst\u00e4tten. Deshalb hat das Bistum die Gr\u00fcndung eines Tr\u00e4gerverbandes f\u00fcr die Kindertagesst\u00e4tten angeregt (<a rel=\"noreferrer noopener\" href=\"https:\/\/www.hallo-wippingen.de\/wp\/wp-content\/uploads\/2025\/06\/Praesentation-Traegerverband.pdf\" target=\"_blank\">siehe Pr\u00e4sentation<\/a>). Der Tr\u00e4gerverband wird mit einer Gesch\u00e4ftsstelle ausgestattet, die diese Arbeiten leisten kann. Die Hoffnung ist, dass sich daraus eine Professionalisierung in der Leitung der Kitas ergibt. Die Kosten f\u00fcr die Gesch\u00e4ftsstelle sollen f\u00fcr die einzelnen Gemeinden durch den Zusammenschluss \u00fcberschaubar bleiben. [<em>jdm<\/em>]<\/p>\n\n\n\n<p><\/p>\n","protected":false},"excerpt":{"rendered":"<p>Am Donnerstag, dem 03.07.2025 um 19.30 Uhr findet die n\u00e4chste Sitzung des Wippinger Gemeinderates im Heimathaus statt. Auf der Tagesordnung der \u00f6ffentlichen Sitzung stehen die Zustimmung zum Haushaltsplan der Kindertagesst\u00e4tte, die Diskussion \u00fcber den Katholischen Kirchengemeindeverband Kindertagesst\u00e4tten D\u00f6rpen\/Lathen und die Verschiebung der Sanierung der B\u00fccherei, weil noch nicht gen\u00fcgend Spenden und Zusch\u00fcsse gesammelt werden konnten. [&hellip;]<\/p>\n","protected":false},"author":3,"featured_media":0,"comment_status":"closed","ping_status":"closed","sticky":false,"template":"","format":"standard","meta":[],"categories":[32,31,4],"tags":[2532,1213,313,1732,2531],"_links":{"self":[{"href":"https:\/\/www.hallo-wippingen.de\/wp\/wp-json\/wp\/v2\/posts\/21346"}],"collection":[{"href":"https:\/\/www.hallo-wippingen.de\/wp\/wp-json\/wp\/v2\/posts"}],"about":[{"href":"https:\/\/www.hallo-wippingen.de\/wp\/wp-json\/wp\/v2\/types\/post"}],"author":[{"embeddable":true,"href":"https:\/\/www.hallo-wippingen.de\/wp\/wp-json\/wp\/v2\/users\/3"}],"replies":[{"embeddable":true,"href":"https:\/\/www.hallo-wippingen.de\/wp\/wp-json\/wp\/v2\/comments?post=21346"}],"version-history":[{"count":2,"href":"https:\/\/www.hallo-wippingen.de\/wp\/wp-json\/wp\/v2\/posts\/21346\/revisions"}],"predecessor-version":[{"id":21361,"href":"https:\/\/www.hallo-wippingen.de\/wp\/wp-json\/wp\/v2\/posts\/21346\/revisions\/21361"}],"wp:attachment":[{"href":"https:\/\/www.hallo-wippingen.de\/wp\/wp-json\/wp\/v2\/media?parent=21346"}],"wp:term":[{"taxonomy":"category","embeddable":true,"href":"https:\/\/www.hallo-wippingen.de\/wp\/wp-json\/wp\/v2\/categories?post=21346"},{"taxonomy":"post_tag","embeddable":true,"href":"https:\/\/www.hallo-wippingen.de\/wp\/wp-json\/wp\/v2\/tags?post=21346"}],"curies":[{"name":"wp","href":"https:\/\/api.w.org\/{rel}","templated":true}]}}