{"id":21263,"date":"2025-06-21T18:49:03","date_gmt":"2025-06-21T16:49:03","guid":{"rendered":"https:\/\/www.hallo-wippingen.de\/wp\/?p=21263"},"modified":"2025-06-21T19:27:00","modified_gmt":"2025-06-21T17:27:00","slug":"was-fuer-die-kriegswirtschaft-in-russland-gilt-gilt-auch-fuer-deutsche-kriegswirtschaft","status":"publish","type":"post","link":"https:\/\/www.hallo-wippingen.de\/wp\/2025\/06\/was-fuer-die-kriegswirtschaft-in-russland-gilt-gilt-auch-fuer-deutsche-kriegswirtschaft\/","title":{"rendered":"Was f\u00fcr die Kriegswirtschaft in Russland gilt, gilt auch f\u00fcr deutsche Kriegswirtschaft"},"content":{"rendered":"\n<p>Thomas Ludwig kl\u00e4rt in der NOZ gerne dar\u00fcber auf, dass die jeweilige Regierungspolitik die einzig richtige Politik ist. Als Regierungssprecher w\u00e4re er dennoch nicht geeignet, weil diese in der Regel wortreich nichts sagen.<\/p>\n\n\n\n<p>Ludwig hingegen will argumentieren und ger\u00e4t so in Gefahr, unfreiwillig bittere Wahrheiten zu verk\u00fcnden. <a rel=\"noreferrer noopener\" href=\"https:\/\/www.noz.de\/deutschland-welt\/meinung\/artikel\/russland-wladimir-putins-kriegswirtschaft-kommt-an-ihr-limit-48876984\" target=\"_blank\">In seinem heutigen Kommentar \u201eNur eine Illusion der St\u00e4rke?\u201c<\/a> erkl\u00e4rt er, warum Russland langsam in die Rezession ger\u00e4t. Sein Befund: \u201eDie Fokussierung auf die Kriegswirtschaft mag kurzfristig Stabilit\u00e4t suggerieren. Die anhaltende Schw\u00e4che der zivilen Sektoren deutet allerdings auf eine zunehmend fragile Lage hin. \u2026 Eine auf der Herstellung von Kriegsg\u00fctern beruhende Wirtschaft schafft keine nachhaltigen Werte. In zivilen Sektoren k\u00f6nnte das Land den technologischen Anschluss verlieren.\u201c<\/p>\n\n\n\n<p>Das ist alles sehr richtig. Wenn Sie diesen Befund auch auf die Hochr\u00fcstung in der EU und insbesondere in Deutschland anwenden, wissen Sie, was demn\u00e4chst in Deutschland passiert.<\/p>\n\n\n\n<p>F\u00fcr die Ideen des Rheinmetall-Chefs Armin Papperger, das <a rel=\"noreferrer noopener\" href=\"https:\/\/www.ndr.de\/nachrichten\/niedersachsen\/osnabrueck_emsland\/Rheinmetall-Chef-VW-Werk-in-Osnabrueck-geeignet-fuer-Ruestung,rheinmetall348.html\" target=\"_blank\">VW-Werk in Osnabr\u00fcck zu einem R\u00fcstungsbetrieb<\/a> zu machen, zeigte sich der VW-Chef offen. Den technologischen Anschluss hat VW ja auch schon verloren.  Die \u00dcbernahme von Hagedorn-NC GmbH in Lingen durch Rheinmetall ist ein weiteres Beispiel umgekehrter Konversion. Der NDR versucht mit seiner Berichterstattung eine R\u00fcstungsproduktion auf der Meyer-Werft herbeizuberichten.<\/p>\n\n\n\n<p>Die Merz-Klingbeil-Regierung plant, die H\u00e4lfte der Staatseinnahmen f\u00fcr R\u00fcstung auszugeben. Diese R\u00fcstungsausgaben schaffen \u2013 und da hat Ludwig recht \u2013 keine nachhaltigen Werte. Die H\u00e4lfte der Steuereinnahmen des Bundes wird daf\u00fcr ausgegeben, um Menschen zu t\u00f6ten, im besten Fall wird damit nur Schrott erzeugt. Wer glaubt, mit R\u00fcstungsausgaben und R\u00fcstungsproduktion eine Wirtschaft beleben zu k\u00f6nnen, hat von Wirtschaft entweder keine Ahnung oder ist selbst ein R\u00fcstungsindustrieller.<\/p>\n\n\n\n<p>Der CDU-Politiker Henning Otte will die R\u00fcstungsindustrie <a rel=\"noreferrer noopener\" href=\"https:\/\/www.deutschlandfunk.de\/cdu-politiker-otte-staatliche-unterstuetzung-an-ruestungskonzernen-sinnvoll-wenn-in-nationalem-inter-108.html\" target=\"_blank\">direkt bezuschussen<\/a>. Die AFD forderte in einem <a rel=\"noreferrer noopener\" href=\"https:\/\/www.bundestag.de\/presse\/hib\/kurzmeldungen-1008136\" target=\"_blank\">Bundestagsantrag <\/a>die Beschaffungsprozesse in Deutschland zu entb\u00fcrokratisieren, \u201eum die deutsche Industrie nicht weiter auszubremsen\u201c. Robert Habeck von den Gr\u00fcnen bezeichnete sich selbst als \u201eR\u00fcstungsminister\u201c. Der ehemalige Neustrelitzer SPD-Bundestagsabgeordnete und \u201eVerteidigungsexperte\u201c <a rel=\"noreferrer noopener\" href=\"https:\/\/www.ndr.de\/nachrichten\/mecklenburg-vorpommern\/ex-spd-abgeordneter-arlt-wechselt-in-die-ruestungsindustrie,arlt-102.html\" target=\"_blank\">Arlt wird R\u00fcstungsmanager<\/a>. Der 41-J\u00e4hrige hat eine F\u00fchrungsaufgabe im Unternehmen STARK Defence \u00fcbernommen. Die Firma stellt Kampf-Drohnen f\u00fcr den Einsatz in der Ukraine her. Sachsens neuer Wirtschaftsminister Dirk Panter (SPD) <a rel=\"noreferrer noopener\" href=\"https:\/\/www.wirtschaft-in-sachsen.de\/de\/wirtschaftsminister-panter-will-ruestungsinvestitionen-nach-sachsen-holen\/\" target=\"_blank\">will mehr R\u00fcstungsfirmen <\/a>in den Freistaat holen.<\/p>\n\n\n\n<p>Allen diesen Politikern ist das Schicksal des Sozialstaates Deutschland egal. Sie holen ihre Sch\u00e4fchen in der R\u00fcstungsindustrie ins Trockene. Aber das Land wird weiter in die Rezession rutschen: Keine Schwimmb\u00e4der, Abbau von Krankenhauspl\u00e4tzen, marode Schulen, marode Bahn, l\u00e4ngere Arbeitszeiten am Tag und im Leben und Abbau von sozialer Sicherheit f\u00fcr alle au\u00dfer den oberen 10 %. [<em>jdm<\/em>]<\/p>\n","protected":false},"excerpt":{"rendered":"<p>Thomas Ludwig kl\u00e4rt in der NOZ gerne dar\u00fcber auf, dass die jeweilige Regierungspolitik die einzig richtige Politik ist. Als Regierungssprecher w\u00e4re er dennoch nicht geeignet, weil diese in der Regel wortreich nichts sagen. Ludwig hingegen will argumentieren und ger\u00e4t so in Gefahr, unfreiwillig bittere Wahrheiten zu verk\u00fcnden. In seinem heutigen Kommentar \u201eNur eine Illusion der [&hellip;]<\/p>\n","protected":false},"author":3,"featured_media":0,"comment_status":"closed","ping_status":"closed","sticky":false,"template":"","format":"standard","meta":[],"categories":[26,393],"tags":[41,1545],"_links":{"self":[{"href":"https:\/\/www.hallo-wippingen.de\/wp\/wp-json\/wp\/v2\/posts\/21263"}],"collection":[{"href":"https:\/\/www.hallo-wippingen.de\/wp\/wp-json\/wp\/v2\/posts"}],"about":[{"href":"https:\/\/www.hallo-wippingen.de\/wp\/wp-json\/wp\/v2\/types\/post"}],"author":[{"embeddable":true,"href":"https:\/\/www.hallo-wippingen.de\/wp\/wp-json\/wp\/v2\/users\/3"}],"replies":[{"embeddable":true,"href":"https:\/\/www.hallo-wippingen.de\/wp\/wp-json\/wp\/v2\/comments?post=21263"}],"version-history":[{"count":10,"href":"https:\/\/www.hallo-wippingen.de\/wp\/wp-json\/wp\/v2\/posts\/21263\/revisions"}],"predecessor-version":[{"id":21275,"href":"https:\/\/www.hallo-wippingen.de\/wp\/wp-json\/wp\/v2\/posts\/21263\/revisions\/21275"}],"wp:attachment":[{"href":"https:\/\/www.hallo-wippingen.de\/wp\/wp-json\/wp\/v2\/media?parent=21263"}],"wp:term":[{"taxonomy":"category","embeddable":true,"href":"https:\/\/www.hallo-wippingen.de\/wp\/wp-json\/wp\/v2\/categories?post=21263"},{"taxonomy":"post_tag","embeddable":true,"href":"https:\/\/www.hallo-wippingen.de\/wp\/wp-json\/wp\/v2\/tags?post=21263"}],"curies":[{"name":"wp","href":"https:\/\/api.w.org\/{rel}","templated":true}]}}