{"id":15678,"date":"2024-02-11T14:29:15","date_gmt":"2024-02-11T13:29:15","guid":{"rendered":"https:\/\/www.hallo-wippingen.de\/wp\/?p=15678"},"modified":"2024-02-11T15:17:16","modified_gmt":"2024-02-11T14:17:16","slug":"dwd-wetterstation-doerpen-liefert-regionale-wetterdaten","status":"publish","type":"post","link":"https:\/\/www.hallo-wippingen.de\/wp\/2024\/02\/dwd-wetterstation-doerpen-liefert-regionale-wetterdaten\/","title":{"rendered":"DWD Wetterstation D\u00f6rpen liefert regionale Wetterdaten"},"content":{"rendered":"\n<p>F\u00e4hrt man von D\u00f6rpen \u00fcber die Ahlener Stra\u00dfe in s\u00fcdliche Richtung, so sieht man im Bereich D\u00f6rpen-M\u00fcll links eine kleine eingez\u00e4unte Fl\u00e4che mit technischen Ger\u00e4ten. Hierbei handelt es sich um eine nebenamtliche Wetterstation des Deutschen Wetterdienstes. Wir haben beim DWD nachgefragt, welche Daten die Station mit welchen Ger\u00e4ten erfasst. In einem Foto hat der DWD die Positionen der Messger\u00e4te markiert und dazu folgende Erl\u00e4uterungen \u00fcbermittelt:<\/p>\n\n\n\n<div class=\"wp-block-image\"><figure class=\"alignright size-large is-resized\"><a href=\"https:\/\/www.hallo-wippingen.de\/wp\/wp-content\/uploads\/2024\/02\/Wetterstation-D_Infos-red-scaled-1.jpg\" target=\"_blank\" rel=\"noopener\"><img loading=\"lazy\" src=\"https:\/\/www.hallo-wippingen.de\/wp\/wp-content\/uploads\/2024\/02\/Wetterstation-D_Infos-red-scaled-1-1024x479.jpg\" alt=\"\" class=\"wp-image-15679\" width=\"256\" height=\"120\" srcset=\"https:\/\/www.hallo-wippingen.de\/wp\/wp-content\/uploads\/2024\/02\/Wetterstation-D_Infos-red-scaled-1-1024x479.jpg 1024w, https:\/\/www.hallo-wippingen.de\/wp\/wp-content\/uploads\/2024\/02\/Wetterstation-D_Infos-red-scaled-1-300x140.jpg 300w, https:\/\/www.hallo-wippingen.de\/wp\/wp-content\/uploads\/2024\/02\/Wetterstation-D_Infos-red-scaled-1-768x359.jpg 768w, https:\/\/www.hallo-wippingen.de\/wp\/wp-content\/uploads\/2024\/02\/Wetterstation-D_Infos-red-scaled-1-1536x719.jpg 1536w, https:\/\/www.hallo-wippingen.de\/wp\/wp-content\/uploads\/2024\/02\/Wetterstation-D_Infos-red-scaled-1-2048x958.jpg 2048w, https:\/\/www.hallo-wippingen.de\/wp\/wp-content\/uploads\/2024\/02\/Wetterstation-D_Infos-red-scaled-1-150x70.jpg 150w, https:\/\/www.hallo-wippingen.de\/wp\/wp-content\/uploads\/2024\/02\/Wetterstation-D_Infos-red-scaled-1-400x187.jpg 400w\" sizes=\"(max-width: 256px) 100vw, 256px\" \/><\/a><\/figure><\/div>\n\n\n\n<p><strong>\u00a01. <\/strong>In zwei Metern H\u00f6he \u00fcber Grund und im Schatten werden die Lufttemperatur und die -feuchte gemessen. Dazu befinden sich zwei Temperatursensoren vom Typ \u201ePT100\u201c und ein Feuchtesensor vom Typ \u201eEE33\u201c im Inneren der mit Lamellen luftdurchl\u00e4ssigen \u201eStrahlenschutzh\u00fctte\u201c. Damit sich in der H\u00fctte, bei windschwachen Lagen kein Luftstau ausbilden kann, wird diese mittels eines elektrischen L\u00fcfters bel\u00fcftet.<br><strong>2.<\/strong> Im \u201eErdbodenmessfeld\u201c, welches unbewachsen und mit dem Boden der Umgebung ausgef\u00fcllt ist, befinden sich f\u00fcnf Temperatursensoren in 5, 10, 20, 50 und 100 Zentimetern Tiefe, zur Ermittlung der Erdbodentemperaturen. Sowie ein Temperatursensor in 5 Zentimeter \u00fcber Grund. Die dort ermittelten Daten sind vor allem im Winter von gro\u00dfer Bedeutung, geben Sie unter anderem doch dar\u00fcber Auskunft, ob bodennahe Kaltluft vorhanden ist, bzw. wie tief der Frost in den Boden eingedrungen ist. Dies hilft unter anderem bei der Erstellung von Gl\u00e4ttewarnungen in der Region.<br>Um W\u00fchlm\u00e4use und Maulw\u00fcrfe aus dem Messfeld fernzuhalten, befindet sich am Rand ein entsprechendes Ger\u00e4t (Zu erkennen am gr\u00fcnen Kopf).<br><strong>3.<\/strong> In einem Meter \u00fcber Grund und mit einer Auffangfl\u00e4che von 200 cm\u00b2 wird die Niederschlagsmenge gemessen. Der gefallene Niederschlag l\u00e4uft \u00fcber einen Trichter im Inneren des Ger\u00e4tes, vom Typ \u201eLambrecht RAINe\u201c, auf eine Wippe. Diese schl\u00e4gt nach einer Menge von umgerechnet 0,1 Liter pro Quadratmeter um. Das Ger\u00e4t ist am oberen Rand und im Innern, je nach Au\u00dfentemperatur, beheizt, damit das Ger\u00e4t auch im Winter funktionst\u00fcchtig ist.<br><strong>4.<\/strong> Auf der Spitze des kippbaren Mastes wird in zehn Metern \u00fcber Grund die Windrichtung und -geschwindigkeit mit einem Ultraschallanemometer vom Typ \u201eThies 2D compact\u201c gemessen. Diese Messung ist an so genannten nebenamtlichen Wetterstationen diesen Typs nicht \u00fcblich. Somit ist der Standort D\u00f6rpen etwas Besonderes im Messnetz des DWD. F\u00fcr die Windmessung bedarf es einer \u201eHindernisfreiheit\u201c, die vorschreibt, dass Hindernisse wenigstens soweit von dem Sensor entfernt sein m\u00fcssen, wie diese hoch sind.<br><strong>5<\/strong>. Auf dem zweiten Kippmast befindet sich zur Bestimmung der Sonnenscheindauer ein Sonnenenergie-Senso vom Typ \u201eSONIe e3\u201c. Auch diese Messung ist f\u00fcr eine nebenamtliche Station un\u00fcblich und in D\u00f6rpen etwas Besonderes. Die in an dieser Station verwendeten Sensoren entsprechen dem Stand der aktuellen Technik und werden vom DWD regelm\u00e4\u00dfig gewartet bzw. ausgetauscht. W\u00f6chentlich wird die Station von einem ehrenamtlichen Betreuer aufgesucht, um Sichtkontrollen und Reinigungsarbeiten zu \u00fcbernehmen. [<em>HM\/Foto DWD\/Dieser Artikel wurde erstver\u00f6ffentlicht auf <a rel=\"noreferrer noopener\" href=\"https:\/\/gruenealternative.de\/forum-d\" target=\"_blank\">https:\/\/gruenealternative.de\/forum-d<\/a>\/<\/em>]<\/p>\n","protected":false},"excerpt":{"rendered":"<p>F\u00e4hrt man von D\u00f6rpen \u00fcber die Ahlener Stra\u00dfe in s\u00fcdliche Richtung, so sieht man im Bereich D\u00f6rpen-M\u00fcll links eine kleine eingez\u00e4unte Fl\u00e4che mit technischen Ger\u00e4ten. Hierbei handelt es sich um eine nebenamtliche Wetterstation des Deutschen Wetterdienstes. Wir haben beim DWD nachgefragt, welche Daten die Station mit welchen Ger\u00e4ten erfasst. In einem Foto hat der DWD [&hellip;]<\/p>\n","protected":false},"author":3,"featured_media":0,"comment_status":"closed","ping_status":"closed","sticky":false,"template":"","format":"standard","meta":[],"categories":[32,172,208],"tags":[2018,2017],"_links":{"self":[{"href":"https:\/\/www.hallo-wippingen.de\/wp\/wp-json\/wp\/v2\/posts\/15678"}],"collection":[{"href":"https:\/\/www.hallo-wippingen.de\/wp\/wp-json\/wp\/v2\/posts"}],"about":[{"href":"https:\/\/www.hallo-wippingen.de\/wp\/wp-json\/wp\/v2\/types\/post"}],"author":[{"embeddable":true,"href":"https:\/\/www.hallo-wippingen.de\/wp\/wp-json\/wp\/v2\/users\/3"}],"replies":[{"embeddable":true,"href":"https:\/\/www.hallo-wippingen.de\/wp\/wp-json\/wp\/v2\/comments?post=15678"}],"version-history":[{"count":2,"href":"https:\/\/www.hallo-wippingen.de\/wp\/wp-json\/wp\/v2\/posts\/15678\/revisions"}],"predecessor-version":[{"id":15691,"href":"https:\/\/www.hallo-wippingen.de\/wp\/wp-json\/wp\/v2\/posts\/15678\/revisions\/15691"}],"wp:attachment":[{"href":"https:\/\/www.hallo-wippingen.de\/wp\/wp-json\/wp\/v2\/media?parent=15678"}],"wp:term":[{"taxonomy":"category","embeddable":true,"href":"https:\/\/www.hallo-wippingen.de\/wp\/wp-json\/wp\/v2\/categories?post=15678"},{"taxonomy":"post_tag","embeddable":true,"href":"https:\/\/www.hallo-wippingen.de\/wp\/wp-json\/wp\/v2\/tags?post=15678"}],"curies":[{"name":"wp","href":"https:\/\/api.w.org\/{rel}","templated":true}]}}