{"id":15280,"date":"2024-01-15T22:13:48","date_gmt":"2024-01-15T21:13:48","guid":{"rendered":"https:\/\/www.hallo-wippingen.de\/wp\/?p=15280"},"modified":"2024-01-15T22:13:49","modified_gmt":"2024-01-15T21:13:49","slug":"neuer-bodenatlas-erschienen","status":"publish","type":"post","link":"https:\/\/www.hallo-wippingen.de\/wp\/2024\/01\/neuer-bodenatlas-erschienen\/","title":{"rendered":"Neuer Bodenatlas erschienen"},"content":{"rendered":"\n<div class=\"wp-block-image\"><figure class=\"alignright size-large is-resized\"><a href=\"https:\/\/www.bund.net\/fileadmin\/user_upload_bund\/publikationen\/ressourcen_und_technik\/Bodenatlas-daten-fakten-ressource-boden-2024.pdf\" target=\"_blank\" rel=\"noopener\"><img loading=\"lazy\" src=\"https:\/\/www.hallo-wippingen.de\/wp\/wp-content\/uploads\/2024\/01\/titelblatt-724x1024.jpg\" alt=\"Titelblatt des Bodenatlas 2024\" class=\"wp-image-15281\" width=\"181\" height=\"256\" srcset=\"https:\/\/www.hallo-wippingen.de\/wp\/wp-content\/uploads\/2024\/01\/titelblatt-724x1024.jpg 724w, https:\/\/www.hallo-wippingen.de\/wp\/wp-content\/uploads\/2024\/01\/titelblatt-212x300.jpg 212w, https:\/\/www.hallo-wippingen.de\/wp\/wp-content\/uploads\/2024\/01\/titelblatt-768x1086.jpg 768w, https:\/\/www.hallo-wippingen.de\/wp\/wp-content\/uploads\/2024\/01\/titelblatt-1086x1536.jpg 1086w, https:\/\/www.hallo-wippingen.de\/wp\/wp-content\/uploads\/2024\/01\/titelblatt-106x150.jpg 106w, https:\/\/www.hallo-wippingen.de\/wp\/wp-content\/uploads\/2024\/01\/titelblatt-400x566.jpg 400w, https:\/\/www.hallo-wippingen.de\/wp\/wp-content\/uploads\/2024\/01\/titelblatt.jpg 1240w\" sizes=\"(max-width: 181px) 100vw, 181px\" \/><\/a><\/figure><\/div>\n\n\n\n<p>Mit dem Boden-Atlas will der BUND in Zusammenarbeit mit der Heinrich-B\u00f6ll-Stiftung auf eine Ressource aufmerksam machen, die bei der Bew\u00e4ltigung vieler globaler Krisen eine Schl\u00fcsselfunktion inne hat: unsere B\u00f6den. B\u00f6den sind unsere Lebensgrundlage. Und doch stehen sie selten im Rampenlicht der gesellschaftlichen und politischen Debatte.<\/p>\n\n\n\n<p>B\u00f6den sind nicht nur lebenswichtig, sondern auch eine begrenzte Ressource: Durch das Bev\u00f6lkerungswachstum steht jedem Menschen immer weniger Land zur Verf\u00fcgung. B\u00f6den sind daher vielfach auch umk\u00e4mpft.\u00a0Das weltweite Wachstum der St\u00e4dte f\u00fchrt zu immer mehr Bodenversiegelung. H\u00e4ufig sind besonders fruchtbare B\u00f6den betroffen, da sie der Grund f\u00fcr die ersten menschlichen Ansiedelungen waren.<\/p>\n\n\n\n<p>Investitionen in landwirtschaftliche B\u00f6den durch Kapitalgesellschaften erschweren es neuen und kleineren landwirtschaftlichen Betrieben, Land zu erwerben oder zu pachten. In Afrika, Asien und Lateinamerika entwurzelt \u201eLandgrabbing\u201c lokale Gemeinschaften. <\/p>\n\n\n\n<p>Den Bodenatlas k\u00f6nnen Sie gedruckt kostenlos <a rel=\"noreferrer noopener\" href=\"https:\/\/www.bund.net\/service\/publikationen\/detail\/publication\/bodenatlas-2024-daten-und-fakten-ueber-eine-lebenswichtige-ressource\/\" target=\"_blank\">beim BUND bestellen <\/a>oder <a rel=\"noreferrer noopener\" href=\"https:\/\/www.bund.net\/fileadmin\/user_upload_bund\/publikationen\/ressourcen_und_technik\/Bodenatlas-daten-fakten-ressource-boden-2024.pdf\" target=\"_blank\">direkt downloaden<\/a>. [<em>PM BUND<\/em>]<\/p>\n","protected":false},"excerpt":{"rendered":"<p>Mit dem Boden-Atlas will der BUND in Zusammenarbeit mit der Heinrich-B\u00f6ll-Stiftung auf eine Ressource aufmerksam machen, die bei der Bew\u00e4ltigung vieler globaler Krisen eine Schl\u00fcsselfunktion inne hat: unsere B\u00f6den. B\u00f6den sind unsere Lebensgrundlage. Und doch stehen sie selten im Rampenlicht der gesellschaftlichen und politischen Debatte. B\u00f6den sind nicht nur lebenswichtig, sondern auch eine begrenzte Ressource: [&hellip;]<\/p>\n","protected":false},"author":3,"featured_media":0,"comment_status":"closed","ping_status":"closed","sticky":false,"template":"","format":"standard","meta":[],"categories":[205,31,393],"tags":[1992,901,1991],"_links":{"self":[{"href":"https:\/\/www.hallo-wippingen.de\/wp\/wp-json\/wp\/v2\/posts\/15280"}],"collection":[{"href":"https:\/\/www.hallo-wippingen.de\/wp\/wp-json\/wp\/v2\/posts"}],"about":[{"href":"https:\/\/www.hallo-wippingen.de\/wp\/wp-json\/wp\/v2\/types\/post"}],"author":[{"embeddable":true,"href":"https:\/\/www.hallo-wippingen.de\/wp\/wp-json\/wp\/v2\/users\/3"}],"replies":[{"embeddable":true,"href":"https:\/\/www.hallo-wippingen.de\/wp\/wp-json\/wp\/v2\/comments?post=15280"}],"version-history":[{"count":1,"href":"https:\/\/www.hallo-wippingen.de\/wp\/wp-json\/wp\/v2\/posts\/15280\/revisions"}],"predecessor-version":[{"id":15282,"href":"https:\/\/www.hallo-wippingen.de\/wp\/wp-json\/wp\/v2\/posts\/15280\/revisions\/15282"}],"wp:attachment":[{"href":"https:\/\/www.hallo-wippingen.de\/wp\/wp-json\/wp\/v2\/media?parent=15280"}],"wp:term":[{"taxonomy":"category","embeddable":true,"href":"https:\/\/www.hallo-wippingen.de\/wp\/wp-json\/wp\/v2\/categories?post=15280"},{"taxonomy":"post_tag","embeddable":true,"href":"https:\/\/www.hallo-wippingen.de\/wp\/wp-json\/wp\/v2\/tags?post=15280"}],"curies":[{"name":"wp","href":"https:\/\/api.w.org\/{rel}","templated":true}]}}