{"id":1453,"date":"2019-05-28T20:40:11","date_gmt":"2019-05-28T18:40:11","guid":{"rendered":"https:\/\/www.hallo-wippingen.de\/wp\/?p=1453"},"modified":"2019-05-28T20:43:19","modified_gmt":"2019-05-28T18:43:19","slug":"atomkraftwerk-emsland-verlaengerung-der-revision-betreiber-prueft-selbst-auch-beim-schwelbrand-im-atommuellager-konrad","status":"publish","type":"post","link":"https:\/\/www.hallo-wippingen.de\/wp\/2019\/05\/atomkraftwerk-emsland-verlaengerung-der-revision-betreiber-prueft-selbst-auch-beim-schwelbrand-im-atommuellager-konrad\/","title":{"rendered":"Atomkraftwerk Emsland: Verl\u00e4ngerung der Revision &#8211; Betreiber pr\u00fcft selbst &#8211; Auch beim Schwelbrand im Atomm\u00fcllager Konrad"},"content":{"rendered":"\n<p>Das Nieders\u00e4chsische Umweltministerium hat in einer <a href=\"https:\/\/www.hallo-wippingen.de\/wp\/wp-content\/uploads\/2019\/05\/060_Revisionsverl\u00e4ngerung-Emsland.pdf\" target=\"_blank\" rel=\"noreferrer noopener\" aria-label=\"Pressemitteilung  (\u00f6ffnet in neuem Tab)\">Pressemitteilung <\/a>bekannt gegeben, dass die f\u00fcr die Revision geplanten Instandhaltungsarbeiten und  wiederkehrenden Pr\u00fcfungen wie geplant fortgef\u00fchrt  werden. Das Umweltministerium als atomrechtliche Aufsichtsbeh\u00f6rde begleite die Durchf\u00fchrung  aller sicherheitstechnisch relevanten Revisionsarbeiten mit den hinzugezogenen  Sachverst\u00e4ndigen. <\/p>\n\n\n\n<p>&#8222;Die erforderliche Zustimmung zum Wiederanfahren der Anlage  wird erst nach Abschluss der Arbeiten am Generator erteilt, wenn seitens der  Betreiberin best\u00e4tigt werden kann, dass alle sicherheitstechnisch erforderlichen  Revisionsarbeiten ordnungsgem\u00e4\u00df abgeschlossen wurden.&#8220;<\/p>\n\n\n\n<p>Bleibt die Frage, ob dem Nieders\u00e4chsischen Ministerium f\u00fcr Umwelt, Energie,  Bauen und Klimaschutz die &#8222;Selbstbest\u00e4tigung&#8220; der Betreiberin ausreicht, oder ob die zur Durchf\u00fchrung der sicherheitstechnisch relevanten Revisionsarbeiten hinzugezogenen Sachverst\u00e4ndigen auch diesen Punkt pr\u00fcfen, bevor eine Zustimmung zum Wiederanfahren der Anlage erteilt wird. <!--more--><\/p>\n\n\n\n<p>Der NDR berichtete heute, f\u00fcr das ehemalige Eisenerz-Bergwerk Schacht Konrad, das zum Atomm\u00fclllager umgebaut wird,  habe die Bundesgesellschaft f\u00fcr Endlagerung (BGE) vergangenen Freitag auf ihrer Homepage einen Schwelbrand  gemeldet. Das Feuer soll dem  Bericht zufolge durch Sanierungsarbeiten verursacht worden sein. Die BGE  berichtet \u00fcber umfangreiche L\u00f6sch- und Sicherungsma\u00dfnahmen und gibt an,  dass keine Gefahr bestanden habe. [<em>HM\/ jdm<\/em>]<br><\/p>\n","protected":false},"excerpt":{"rendered":"<p>Das Nieders\u00e4chsische Umweltministerium hat in einer Pressemitteilung bekannt gegeben, dass die f\u00fcr die Revision geplanten Instandhaltungsarbeiten und wiederkehrenden Pr\u00fcfungen wie geplant fortgef\u00fchrt werden. Das Umweltministerium als atomrechtliche Aufsichtsbeh\u00f6rde begleite die Durchf\u00fchrung aller sicherheitstechnisch relevanten Revisionsarbeiten mit den hinzugezogenen Sachverst\u00e4ndigen. &#8222;Die erforderliche Zustimmung zum Wiederanfahren der Anlage wird erst nach Abschluss der Arbeiten am Generator erteilt, [&hellip;]<\/p>\n","protected":false},"author":3,"featured_media":0,"comment_status":"closed","ping_status":"closed","sticky":false,"template":"","format":"standard","meta":[],"categories":[32,181],"tags":[182,183],"_links":{"self":[{"href":"https:\/\/www.hallo-wippingen.de\/wp\/wp-json\/wp\/v2\/posts\/1453"}],"collection":[{"href":"https:\/\/www.hallo-wippingen.de\/wp\/wp-json\/wp\/v2\/posts"}],"about":[{"href":"https:\/\/www.hallo-wippingen.de\/wp\/wp-json\/wp\/v2\/types\/post"}],"author":[{"embeddable":true,"href":"https:\/\/www.hallo-wippingen.de\/wp\/wp-json\/wp\/v2\/users\/3"}],"replies":[{"embeddable":true,"href":"https:\/\/www.hallo-wippingen.de\/wp\/wp-json\/wp\/v2\/comments?post=1453"}],"version-history":[{"count":3,"href":"https:\/\/www.hallo-wippingen.de\/wp\/wp-json\/wp\/v2\/posts\/1453\/revisions"}],"predecessor-version":[{"id":1457,"href":"https:\/\/www.hallo-wippingen.de\/wp\/wp-json\/wp\/v2\/posts\/1453\/revisions\/1457"}],"wp:attachment":[{"href":"https:\/\/www.hallo-wippingen.de\/wp\/wp-json\/wp\/v2\/media?parent=1453"}],"wp:term":[{"taxonomy":"category","embeddable":true,"href":"https:\/\/www.hallo-wippingen.de\/wp\/wp-json\/wp\/v2\/categories?post=1453"},{"taxonomy":"post_tag","embeddable":true,"href":"https:\/\/www.hallo-wippingen.de\/wp\/wp-json\/wp\/v2\/tags?post=1453"}],"curies":[{"name":"wp","href":"https:\/\/api.w.org\/{rel}","templated":true}]}}