{"id":14395,"date":"2023-10-29T19:29:59","date_gmt":"2023-10-29T18:29:59","guid":{"rendered":"https:\/\/www.hallo-wippingen.de\/wp\/?p=14395"},"modified":"2023-10-29T19:30:00","modified_gmt":"2023-10-29T18:30:00","slug":"per-rad-in-die-vergangenheit","status":"publish","type":"post","link":"https:\/\/www.hallo-wippingen.de\/wp\/2023\/10\/per-rad-in-die-vergangenheit\/","title":{"rendered":"Per Rad in die Vergangenheit"},"content":{"rendered":"\n<div class=\"wp-block-image\"><figure class=\"alignright size-large is-resized\"><a href=\"https:\/\/www.hallo-wippingen.de\/wp\/wp-content\/uploads\/2023\/10\/EL-Kurier-29_10_2023.jpg\" target=\"_blank\" rel=\"noopener\"><img loading=\"lazy\" src=\"https:\/\/www.hallo-wippingen.de\/wp\/wp-content\/uploads\/2023\/10\/EL-Kurier-29_10_2023-551x1024.jpg\" alt=\"EL-Kurier vom 29.10.2023. Birgit Kuper-Gerdes als Natur- und Landschaftsf\u00fchrerin\" class=\"wp-image-14396\" width=\"138\" height=\"256\" srcset=\"https:\/\/www.hallo-wippingen.de\/wp\/wp-content\/uploads\/2023\/10\/EL-Kurier-29_10_2023-551x1024.jpg 551w, https:\/\/www.hallo-wippingen.de\/wp\/wp-content\/uploads\/2023\/10\/EL-Kurier-29_10_2023-162x300.jpg 162w, https:\/\/www.hallo-wippingen.de\/wp\/wp-content\/uploads\/2023\/10\/EL-Kurier-29_10_2023-81x150.jpg 81w, https:\/\/www.hallo-wippingen.de\/wp\/wp-content\/uploads\/2023\/10\/EL-Kurier-29_10_2023-400x743.jpg 400w, https:\/\/www.hallo-wippingen.de\/wp\/wp-content\/uploads\/2023\/10\/EL-Kurier-29_10_2023.jpg 737w\" sizes=\"(max-width: 138px) 100vw, 138px\" \/><\/a><\/figure><\/div>\n\n\n\n<p>Der <a href=\"https:\/\/www.el-kurier.de\/\">EL-Kurier<\/a> brachte heute einen langen Bericht \u00fcber die E-Bike-Tour &#8222;Per Rad in die Vergangenheit&#8220;, die Birgit Kuper-Gerdes als Natur- und Landschaftsf\u00fchrerin des <a href=\"https:\/\/www.huemmling.de\/\">Naturparks H\u00fcmmling <\/a>durchgef\u00fchrt hat. <em>[jdm\/<a href=\"https:\/\/www.el-kurier.de\/\">EL-Kurier<\/a> vom 29.10.2023<\/em>]<\/p>\n","protected":false},"excerpt":{"rendered":"<p>Der EL-Kurier brachte heute einen langen Bericht \u00fcber die E-Bike-Tour &#8222;Per Rad in die Vergangenheit&#8220;, die Birgit Kuper-Gerdes als Natur- und Landschaftsf\u00fchrerin des Naturparks H\u00fcmmling durchgef\u00fchrt hat. [jdm\/EL-Kurier vom 29.10.2023]<\/p>\n","protected":false},"author":3,"featured_media":0,"comment_status":"closed","ping_status":"closed","sticky":false,"template":"","format":"standard","meta":[],"categories":[32,4],"tags":[1297,1296],"_links":{"self":[{"href":"https:\/\/www.hallo-wippingen.de\/wp\/wp-json\/wp\/v2\/posts\/14395"}],"collection":[{"href":"https:\/\/www.hallo-wippingen.de\/wp\/wp-json\/wp\/v2\/posts"}],"about":[{"href":"https:\/\/www.hallo-wippingen.de\/wp\/wp-json\/wp\/v2\/types\/post"}],"author":[{"embeddable":true,"href":"https:\/\/www.hallo-wippingen.de\/wp\/wp-json\/wp\/v2\/users\/3"}],"replies":[{"embeddable":true,"href":"https:\/\/www.hallo-wippingen.de\/wp\/wp-json\/wp\/v2\/comments?post=14395"}],"version-history":[{"count":2,"href":"https:\/\/www.hallo-wippingen.de\/wp\/wp-json\/wp\/v2\/posts\/14395\/revisions"}],"predecessor-version":[{"id":14398,"href":"https:\/\/www.hallo-wippingen.de\/wp\/wp-json\/wp\/v2\/posts\/14395\/revisions\/14398"}],"wp:attachment":[{"href":"https:\/\/www.hallo-wippingen.de\/wp\/wp-json\/wp\/v2\/media?parent=14395"}],"wp:term":[{"taxonomy":"category","embeddable":true,"href":"https:\/\/www.hallo-wippingen.de\/wp\/wp-json\/wp\/v2\/categories?post=14395"},{"taxonomy":"post_tag","embeddable":true,"href":"https:\/\/www.hallo-wippingen.de\/wp\/wp-json\/wp\/v2\/tags?post=14395"}],"curies":[{"name":"wp","href":"https:\/\/api.w.org\/{rel}","templated":true}]}}