{"id":1427,"date":"2019-05-26T20:10:48","date_gmt":"2019-05-26T18:10:48","guid":{"rendered":"https:\/\/www.hallo-wippingen.de\/wp\/?p=1427"},"modified":"2019-05-26T20:10:49","modified_gmt":"2019-05-26T18:10:49","slug":"wahlen-in-wippingen","status":"publish","type":"post","link":"https:\/\/www.hallo-wippingen.de\/wp\/2019\/05\/wahlen-in-wippingen\/","title":{"rendered":"Wahlen in Wippingen"},"content":{"rendered":"\n<div class=\"wp-block-image\"><figure class=\"alignleft is-resized\"><a href=\"https:\/\/www.hallo-wippingen.de\/wp\/wp-content\/uploads\/2019\/05\/WP_20190526_15_09_39_Pro.jpg\" target=\"_blank\" rel=\"noreferrer noopener\"><img loading=\"lazy\" src=\"https:\/\/www.hallo-wippingen.de\/wp\/wp-content\/uploads\/2019\/05\/WP_20190526_15_09_39_Pro-1024x577.jpg\" alt=\"Wahlhelfer v. l.: Margot Richert, Johannes Grote, Norbert Westhoff und Jonas Schwering \" class=\"wp-image-1428\" width=\"256\" height=\"144\" srcset=\"https:\/\/www.hallo-wippingen.de\/wp\/wp-content\/uploads\/2019\/05\/WP_20190526_15_09_39_Pro-1024x577.jpg 1024w, https:\/\/www.hallo-wippingen.de\/wp\/wp-content\/uploads\/2019\/05\/WP_20190526_15_09_39_Pro-300x169.jpg 300w, https:\/\/www.hallo-wippingen.de\/wp\/wp-content\/uploads\/2019\/05\/WP_20190526_15_09_39_Pro-768x433.jpg 768w, https:\/\/www.hallo-wippingen.de\/wp\/wp-content\/uploads\/2019\/05\/WP_20190526_15_09_39_Pro-150x85.jpg 150w, https:\/\/www.hallo-wippingen.de\/wp\/wp-content\/uploads\/2019\/05\/WP_20190526_15_09_39_Pro-400x226.jpg 400w, https:\/\/www.hallo-wippingen.de\/wp\/wp-content\/uploads\/2019\/05\/WP_20190526_15_09_39_Pro.jpg 1419w\" sizes=\"(max-width: 256px) 100vw, 256px\" \/><\/a><figcaption>  v. l.: Margot Richert, Johannes Grote, Norbert Westhoff und  Jonas Schwering <\/figcaption><\/figure><\/div>\n\n\n\n<p>Heute fanden die Europawahlen, aber auch die Wahl des emsl\u00e4ndischen Landrats und des Samtgemeindeb\u00fcrgermeisters statt. Die Organisierung einer Wahl ist kompliziert und erfordert ein Zusammenspiel von Hauptamtlichen, gew\u00e4hlten Gremien, Vertretern und Wahlbeobachtern der zur Wahl Angetretenen und sichtbar vor Ort: den ehrenamtlichen Wahlhelfern. Heute in der Nachmittagsschicht sorgten Margot Richert, Johannes Grote, Norbert Westhoff und  Jonas Schwering f\u00fcr einen ordnungsgem\u00e4\u00dfen Ablauf der Wahl. <\/p>\n\n\n\n<p>Die Ergebnisse der Europawahl in Wippingen lagen um etwa 19.30 Uhr vor. Die Ergebnisse zur Wahl des Samtgemeindeb\u00fcrgermeisters etwa 20 Minuten sp\u00e4ter. 476 von den 551 abgegebenen Stimmen in Wippingen stimmten f\u00fcr Hermann Wocken. 71 stimmten mit Nein, 4 Stimmen waren ung\u00fcltig.<\/p>\n\n\n\n<figure class=\"wp-block-image is-resized\"><a href=\"https:\/\/www.hallo-wippingen.de\/wp\/wp-content\/uploads\/2019\/05\/Europawahl-2019-Wippinger-Ergebnisse-05_2019.pdf\" target=\"_blank\" rel=\"noreferrer noopener\"><img loading=\"lazy\" src=\"https:\/\/www.hallo-wippingen.de\/wp\/wp-content\/uploads\/2019\/05\/europawahl-wippingen-2019.jpg\" alt=\"\" class=\"wp-image-1429\" width=\"482\" height=\"321\" srcset=\"https:\/\/www.hallo-wippingen.de\/wp\/wp-content\/uploads\/2019\/05\/europawahl-wippingen-2019.jpg 963w, https:\/\/www.hallo-wippingen.de\/wp\/wp-content\/uploads\/2019\/05\/europawahl-wippingen-2019-300x200.jpg 300w, https:\/\/www.hallo-wippingen.de\/wp\/wp-content\/uploads\/2019\/05\/europawahl-wippingen-2019-768x512.jpg 768w, https:\/\/www.hallo-wippingen.de\/wp\/wp-content\/uploads\/2019\/05\/europawahl-wippingen-2019-150x100.jpg 150w, https:\/\/www.hallo-wippingen.de\/wp\/wp-content\/uploads\/2019\/05\/europawahl-wippingen-2019-400x267.jpg 400w\" sizes=\"(max-width: 482px) 100vw, 482px\" \/><\/a><figcaption>Bitte Anklicken f\u00fcr Details<\/figcaption><\/figure>\n\n\n\n<p>Die <a rel=\"noreferrer noopener\" aria-label=\"Ergebnisse der Europawahl in Wippingen (\u00f6ffnet in neuem Tab)\" href=\"https:\/\/www.hallo-wippingen.de\/wp\/wp-content\/uploads\/2019\/05\/Europawahl-2019-Wippinger-Ergebnisse-05_2019.pdf\" target=\"_blank\">Ergebnisse der Europawahl in Wippingen<\/a> entnehmen Sie bitte der Grafik.<br> [<em>jdm \/<\/em><a rel=\"noreferrer noopener\" aria-label=\"https:\/\/votemanager.kdo.de\/20190526\/034545401\/html5\/Buergermeister (\u00f6ffnet in neuem Tab)\" href=\"https:\/\/votemanager.kdo.de\/20190526\/034545401\/html5\/Europawahl_8\" target=\"_blank\"><em>https:\/\/votemanager.kdo.de\/20190526\/034545401\/html5\/Buergermeister<\/em><\/a><em> <\/em>] <\/p>\n","protected":false},"excerpt":{"rendered":"<p>Heute fanden die Europawahlen, aber auch die Wahl des emsl\u00e4ndischen Landrats und des Samtgemeindeb\u00fcrgermeisters statt. Die Organisierung einer Wahl ist kompliziert und erfordert ein Zusammenspiel von Hauptamtlichen, gew\u00e4hlten Gremien, Vertretern und Wahlbeobachtern der zur Wahl Angetretenen und sichtbar vor Ort: den ehrenamtlichen Wahlhelfern. Heute in der Nachmittagsschicht sorgten Margot Richert, Johannes Grote, Norbert Westhoff und [&hellip;]<\/p>\n","protected":false},"author":3,"featured_media":0,"comment_status":"closed","ping_status":"closed","sticky":false,"template":"","format":"standard","meta":[],"categories":[33,4],"tags":[179,153,180],"_links":{"self":[{"href":"https:\/\/www.hallo-wippingen.de\/wp\/wp-json\/wp\/v2\/posts\/1427"}],"collection":[{"href":"https:\/\/www.hallo-wippingen.de\/wp\/wp-json\/wp\/v2\/posts"}],"about":[{"href":"https:\/\/www.hallo-wippingen.de\/wp\/wp-json\/wp\/v2\/types\/post"}],"author":[{"embeddable":true,"href":"https:\/\/www.hallo-wippingen.de\/wp\/wp-json\/wp\/v2\/users\/3"}],"replies":[{"embeddable":true,"href":"https:\/\/www.hallo-wippingen.de\/wp\/wp-json\/wp\/v2\/comments?post=1427"}],"version-history":[{"count":3,"href":"https:\/\/www.hallo-wippingen.de\/wp\/wp-json\/wp\/v2\/posts\/1427\/revisions"}],"predecessor-version":[{"id":1434,"href":"https:\/\/www.hallo-wippingen.de\/wp\/wp-json\/wp\/v2\/posts\/1427\/revisions\/1434"}],"wp:attachment":[{"href":"https:\/\/www.hallo-wippingen.de\/wp\/wp-json\/wp\/v2\/media?parent=1427"}],"wp:term":[{"taxonomy":"category","embeddable":true,"href":"https:\/\/www.hallo-wippingen.de\/wp\/wp-json\/wp\/v2\/categories?post=1427"},{"taxonomy":"post_tag","embeddable":true,"href":"https:\/\/www.hallo-wippingen.de\/wp\/wp-json\/wp\/v2\/tags?post=1427"}],"curies":[{"name":"wp","href":"https:\/\/api.w.org\/{rel}","templated":true}]}}