{"id":13946,"date":"2023-09-21T22:40:39","date_gmt":"2023-09-21T20:40:39","guid":{"rendered":"https:\/\/www.hallo-wippingen.de\/wp\/?p=13946"},"modified":"2023-09-21T22:40:41","modified_gmt":"2023-09-21T20:40:41","slug":"gemeinderatssitzung-am-5-oktober","status":"publish","type":"post","link":"https:\/\/www.hallo-wippingen.de\/wp\/2023\/09\/gemeinderatssitzung-am-5-oktober\/","title":{"rendered":"Gemeinderatssitzung am 5. Oktober"},"content":{"rendered":"\n<div class=\"wp-block-image\"><figure class=\"alignleft size-large is-resized\"><a href=\"https:\/\/www.hallo-wippingen.de\/wp\/wp-content\/uploads\/2023\/09\/Bekanntmachung-der-Sitzung-des-Rates-der-Gemeinde-Wippingen-2.pdf\" target=\"_blank\" rel=\"noopener\"><img loading=\"lazy\" src=\"https:\/\/www.hallo-wippingen.de\/wp\/wp-content\/uploads\/2023\/09\/einladung-724x1024.jpg\" alt=\"Einladung zur Gemeinderatssitzung 10\/2023\" class=\"wp-image-13958\" width=\"181\" height=\"256\" srcset=\"https:\/\/www.hallo-wippingen.de\/wp\/wp-content\/uploads\/2023\/09\/einladung-724x1024.jpg 724w, https:\/\/www.hallo-wippingen.de\/wp\/wp-content\/uploads\/2023\/09\/einladung-212x300.jpg 212w, https:\/\/www.hallo-wippingen.de\/wp\/wp-content\/uploads\/2023\/09\/einladung-768x1086.jpg 768w, https:\/\/www.hallo-wippingen.de\/wp\/wp-content\/uploads\/2023\/09\/einladung-1086x1536.jpg 1086w, https:\/\/www.hallo-wippingen.de\/wp\/wp-content\/uploads\/2023\/09\/einladung-106x150.jpg 106w, https:\/\/www.hallo-wippingen.de\/wp\/wp-content\/uploads\/2023\/09\/einladung-400x566.jpg 400w, https:\/\/www.hallo-wippingen.de\/wp\/wp-content\/uploads\/2023\/09\/einladung.jpg 1240w\" sizes=\"(max-width: 181px) 100vw, 181px\" \/><\/a><\/figure><\/div>\n\n\n\n<p>Am Donnerstag, den 05. Oktober 2023 findet um 19.30 uhr die n\u00e4chste \u00f6ffentliche Sitzung des Wippinger Gemeinderates im Gemeindezentrum statt. Sechs Sachthemen stehen neben den Regularien auf der Tagesordnung.<\/p>\n\n\n\n<p>Im <a rel=\"noreferrer noopener\" href=\"https:\/\/www.hallo-wippingen.de\/wp\/wp-content\/uploads\/2023\/09\/Beschlussvorlage-10-mulcher.pdf\" target=\"_blank\">Tagesordnungspunkt (TOP) 7 geht es um die nachtr\u00e4gliche (Beschlussvorlage)<\/a> Genehmigung der Anschaffung eines <a rel=\"noreferrer noopener\" href=\"https:\/\/de.wikipedia.org\/wiki\/Mulcher\" target=\"_blank\">Schlegelmulchers<\/a>.<\/p>\n\n\n\n<p>Den <a href=\"https:\/\/www.hallo-wippingen.de\/wp\/wp-content\/uploads\/2023\/09\/Mitteilungsvorlage-smals-spende.pdf\" target=\"_blank\" rel=\"noreferrer noopener\">Sand f\u00fcr den Beachvolleyballplatz hat die Firma Smals gespendet<\/a>. Der Gemeinderat muss diese Spende mit einem formalen Beschluss annehmen.<\/p>\n\n\n\n<p>F\u00fcr eine <a href=\"https:\/\/www.hallo-wippingen.de\/wp\/wp-content\/uploads\/2023\/09\/TOP-Mappe-von-TOP-9-Geschwindigkeitsmessanlage-der-Sitzung-des-Rates-der-Gemeinde-Wippingen-vom-05.10.2023.pdf\" target=\"_blank\" rel=\"noreferrer noopener\">Geschwindigkeitsmessanlage wurden Angebote eingeholt<\/a>. Der Gemeinderat will dar\u00fcber beraten, welches Modell angeschafft werden soll.<\/p>\n\n\n\n<p><a href=\"https:\/\/www.hallo-wippingen.de\/wp\/2022\/10\/gemeinderat-nicht-in-allem-einig\/\">Im letzten Jahr wurden die Stra\u00dfenbeleuchtungszeiten verk\u00fcrzt<\/a>, weil man \u201eein Zeichen setzen\u201c wollte. Das soll jetzt <a href=\"https:\/\/www.hallo-wippingen.de\/wp\/wp-content\/uploads\/2023\/09\/Beschlussvorlage-11-strassenbeleuchtung.pdf\" target=\"_blank\" rel=\"noreferrer noopener\">wieder r\u00fcckg\u00e4ngig gemacht <\/a>werden.<\/p>\n\n\n\n<p>Die Hundesteuer zahlen in Wippingen vermutlich nur die H\u00e4lfte der Verpflichteten. Der Gemeinderat <a href=\"https:\/\/www.hallo-wippingen.de\/wp\/wp-content\/uploads\/2023\/09\/TOP-Mappe-von-TOP-11-Hundesteuer-der-Sitzung-des-Rates-der-Gemeinde-Wippingen-vom-05.10.2023.pdf\" target=\"_blank\" rel=\"noreferrer noopener\">will \u00fcber eine Aufkl\u00e4rung der Steuerzahler beraten.<\/a><\/p>\n\n\n\n<div class=\"wp-block-image\"><figure class=\"alignright size-large is-resized\"><a href=\"https:\/\/www.hallo-wippingen.de\/wp\/wp-content\/uploads\/2023\/09\/haskamps-esch-plan.jpg\" target=\"_blank\" rel=\"noopener\"><img loading=\"lazy\" src=\"https:\/\/www.hallo-wippingen.de\/wp\/wp-content\/uploads\/2023\/09\/haskamps-esch-plan-724x1024.jpg\" alt=\"\u00dcbersichtskarte Bebauungsplan Haskamps Esch\" class=\"wp-image-13957\" width=\"181\" height=\"256\" srcset=\"https:\/\/www.hallo-wippingen.de\/wp\/wp-content\/uploads\/2023\/09\/haskamps-esch-plan-724x1024.jpg 724w, https:\/\/www.hallo-wippingen.de\/wp\/wp-content\/uploads\/2023\/09\/haskamps-esch-plan-212x300.jpg 212w, https:\/\/www.hallo-wippingen.de\/wp\/wp-content\/uploads\/2023\/09\/haskamps-esch-plan-768x1086.jpg 768w, https:\/\/www.hallo-wippingen.de\/wp\/wp-content\/uploads\/2023\/09\/haskamps-esch-plan-1086x1536.jpg 1086w, https:\/\/www.hallo-wippingen.de\/wp\/wp-content\/uploads\/2023\/09\/haskamps-esch-plan-106x150.jpg 106w, https:\/\/www.hallo-wippingen.de\/wp\/wp-content\/uploads\/2023\/09\/haskamps-esch-plan-400x566.jpg 400w, https:\/\/www.hallo-wippingen.de\/wp\/wp-content\/uploads\/2023\/09\/haskamps-esch-plan.jpg 1240w\" sizes=\"(max-width: 181px) 100vw, 181px\" \/><\/a><\/figure><\/div>\n\n\n\n<p>Mit einem Bebauungsplan soll das Gewerbegebiet <a rel=\"noreferrer noopener\" href=\"https:\/\/www.hallo-wippingen.de\/wp\/?s=haskamps+esch\" target=\"_blank\">Haskamps Esch <\/a>erweitert werden. Diese Erweiterung soll in erster Linie Hawe-Wester eine Entwicklungsm\u00f6glichkeit geben. Die N\u00e4he des Industriebetriebs zu den Wohngebieten stellt einige Anforderungen an den Bebauungsplan. <\/p>\n\n\n\n<p>Auf der <a rel=\"noreferrer noopener\" href=\"https:\/\/www.hallo-wippingen.de\/wp\/wp-content\/uploads\/2023\/09\/TOP-Mappe-von-TOP-12-Haskamps-esch-der-Sitzung-des-Rates-der-Gemeinde-Wippingen-vom-05.10.2023.pdf\" target=\"_blank\">Gemeinderatssitzung soll der Auslegungsbeschluss gefasst<\/a> werden. Damit werden die Einw\u00e4nde der Beh\u00f6rden und sonstigen Tr\u00e4ger \u00f6ffentlicher Belange, die sich in der fr\u00fchzeitigen Beteiligung zu Wort gemeldet haben, angenommen bzw. ber\u00fccksichtigt. Mit dem Auslegungsbeschluss wird der Plan \u00f6ffentlich ausgelegt und somit hat jeder B\u00fcrger die M\u00f6glichkeit Stellungnahmen zum Entwurf einzubringen. [<em>jdm<\/em>]<\/p>\n","protected":false},"excerpt":{"rendered":"<p>Am Donnerstag, den 05. Oktober 2023 findet um 19.30 uhr die n\u00e4chste \u00f6ffentliche Sitzung des Wippinger Gemeinderates im Gemeindezentrum statt. Sechs Sachthemen stehen neben den Regularien auf der Tagesordnung. Im Tagesordnungspunkt (TOP) 7 geht es um die nachtr\u00e4gliche (Beschlussvorlage) Genehmigung der Anschaffung eines Schlegelmulchers. Den Sand f\u00fcr den Beachvolleyballplatz hat die Firma Smals gespendet. Der [&hellip;]<\/p>\n","protected":false},"author":3,"featured_media":0,"comment_status":"closed","ping_status":"closed","sticky":false,"template":"","format":"standard","meta":[],"categories":[4],"tags":[1725,1006,313,1832,1035,1831,475,1412],"_links":{"self":[{"href":"https:\/\/www.hallo-wippingen.de\/wp\/wp-json\/wp\/v2\/posts\/13946"}],"collection":[{"href":"https:\/\/www.hallo-wippingen.de\/wp\/wp-json\/wp\/v2\/posts"}],"about":[{"href":"https:\/\/www.hallo-wippingen.de\/wp\/wp-json\/wp\/v2\/types\/post"}],"author":[{"embeddable":true,"href":"https:\/\/www.hallo-wippingen.de\/wp\/wp-json\/wp\/v2\/users\/3"}],"replies":[{"embeddable":true,"href":"https:\/\/www.hallo-wippingen.de\/wp\/wp-json\/wp\/v2\/comments?post=13946"}],"version-history":[{"count":6,"href":"https:\/\/www.hallo-wippingen.de\/wp\/wp-json\/wp\/v2\/posts\/13946\/revisions"}],"predecessor-version":[{"id":13961,"href":"https:\/\/www.hallo-wippingen.de\/wp\/wp-json\/wp\/v2\/posts\/13946\/revisions\/13961"}],"wp:attachment":[{"href":"https:\/\/www.hallo-wippingen.de\/wp\/wp-json\/wp\/v2\/media?parent=13946"}],"wp:term":[{"taxonomy":"category","embeddable":true,"href":"https:\/\/www.hallo-wippingen.de\/wp\/wp-json\/wp\/v2\/categories?post=13946"},{"taxonomy":"post_tag","embeddable":true,"href":"https:\/\/www.hallo-wippingen.de\/wp\/wp-json\/wp\/v2\/tags?post=13946"}],"curies":[{"name":"wp","href":"https:\/\/api.w.org\/{rel}","templated":true}]}}