{"id":13927,"date":"2023-09-18T12:12:25","date_gmt":"2023-09-18T10:12:25","guid":{"rendered":"https:\/\/www.hallo-wippingen.de\/wp\/?p=13927"},"modified":"2023-09-18T12:13:54","modified_gmt":"2023-09-18T10:13:54","slug":"osnabrueck-will-busnetz-verkleinern","status":"publish","type":"post","link":"https:\/\/www.hallo-wippingen.de\/wp\/2023\/09\/osnabrueck-will-busnetz-verkleinern\/","title":{"rendered":"Osnabr\u00fcck will Busnetz verkleinern"},"content":{"rendered":"\n<p>Ein kleiner Nachtrag zu unserem <a href=\"https:\/\/www.hallo-wippingen.de\/wp\/2023\/09\/infrastrukturausbau-und-kriegs-und-aufruestungspolitik-passen-nicht-zusammen\/\">Artikel \u00fcber die marode Infrastruktur<\/a>: Die <a href=\"https:\/\/www.noz.de\/lokales\/osnabrueck\/artikel\/widerstand-gegen-oepnv-kuerzungen-waechst-rat-osnabrueck-unter-druck-45505622\">NOZ berichtet, dass die Stadtwerke Osnabr\u00fcck <\/a>1,8 Mio. \u20ac durch die Streichung von Buslinien sparen wollen. Die betroffenen B\u00fcrger und D\u00f6rfer protestieren gegen die klammheimlich geplante Busnetz-Verkleinerung. Hier zeigt sich, dass die erh\u00f6hte Aufr\u00fcstung nicht nur zu Lasten der B\u00fcrger geht, sondern auch zu Lasten des Klimaschutzes geht. Statt Ausbau, steht hier die Verkleinerung des \u00d6PNV an. [<em>jdm<\/em>]<\/p>\n","protected":false},"excerpt":{"rendered":"<p>Ein kleiner Nachtrag zu unserem Artikel \u00fcber die marode Infrastruktur: Die NOZ berichtet, dass die Stadtwerke Osnabr\u00fcck 1,8 Mio. \u20ac durch die Streichung von Buslinien sparen wollen. Die betroffenen B\u00fcrger und D\u00f6rfer protestieren gegen die klammheimlich geplante Busnetz-Verkleinerung. Hier zeigt sich, dass die erh\u00f6hte Aufr\u00fcstung nicht nur zu Lasten der B\u00fcrger geht, sondern auch zu [&hellip;]<\/p>\n","protected":false},"author":3,"featured_media":0,"comment_status":"closed","ping_status":"closed","sticky":false,"template":"","format":"standard","meta":[],"categories":[172,31,15],"tags":[1119,1823],"_links":{"self":[{"href":"https:\/\/www.hallo-wippingen.de\/wp\/wp-json\/wp\/v2\/posts\/13927"}],"collection":[{"href":"https:\/\/www.hallo-wippingen.de\/wp\/wp-json\/wp\/v2\/posts"}],"about":[{"href":"https:\/\/www.hallo-wippingen.de\/wp\/wp-json\/wp\/v2\/types\/post"}],"author":[{"embeddable":true,"href":"https:\/\/www.hallo-wippingen.de\/wp\/wp-json\/wp\/v2\/users\/3"}],"replies":[{"embeddable":true,"href":"https:\/\/www.hallo-wippingen.de\/wp\/wp-json\/wp\/v2\/comments?post=13927"}],"version-history":[{"count":2,"href":"https:\/\/www.hallo-wippingen.de\/wp\/wp-json\/wp\/v2\/posts\/13927\/revisions"}],"predecessor-version":[{"id":13929,"href":"https:\/\/www.hallo-wippingen.de\/wp\/wp-json\/wp\/v2\/posts\/13927\/revisions\/13929"}],"wp:attachment":[{"href":"https:\/\/www.hallo-wippingen.de\/wp\/wp-json\/wp\/v2\/media?parent=13927"}],"wp:term":[{"taxonomy":"category","embeddable":true,"href":"https:\/\/www.hallo-wippingen.de\/wp\/wp-json\/wp\/v2\/categories?post=13927"},{"taxonomy":"post_tag","embeddable":true,"href":"https:\/\/www.hallo-wippingen.de\/wp\/wp-json\/wp\/v2\/tags?post=13927"}],"curies":[{"name":"wp","href":"https:\/\/api.w.org\/{rel}","templated":true}]}}