{"id":13324,"date":"2023-07-30T11:35:55","date_gmt":"2023-07-30T09:35:55","guid":{"rendered":"https:\/\/www.hallo-wippingen.de\/wp\/?p=13324"},"modified":"2023-07-30T13:06:53","modified_gmt":"2023-07-30T11:06:53","slug":"zeitung-zur-krankenhausreform","status":"publish","type":"post","link":"https:\/\/www.hallo-wippingen.de\/wp\/2023\/07\/zeitung-zur-krankenhausreform\/","title":{"rendered":"Zeitung zur Krankenhausreform"},"content":{"rendered":"\n<div class=\"wp-block-image\"><figure class=\"alignright size-large\"><a href=\"https:\/\/www.gemeingut.org\/wordpress\/wp-content\/uploads\/2023\/07\/gib_kh.juli2023_DOWNLOAD_100723.pdf\"><img loading=\"lazy\" width=\"1024\" height=\"576\" src=\"https:\/\/www.hallo-wippingen.de\/wp\/wp-content\/uploads\/2023\/07\/20230711_141414-1920x1080-1-1024x576.jpg\" alt=\"\" class=\"wp-image-13326\" srcset=\"https:\/\/www.hallo-wippingen.de\/wp\/wp-content\/uploads\/2023\/07\/20230711_141414-1920x1080-1-1024x576.jpg 1024w, https:\/\/www.hallo-wippingen.de\/wp\/wp-content\/uploads\/2023\/07\/20230711_141414-1920x1080-1-300x169.jpg 300w, https:\/\/www.hallo-wippingen.de\/wp\/wp-content\/uploads\/2023\/07\/20230711_141414-1920x1080-1-768x432.jpg 768w, https:\/\/www.hallo-wippingen.de\/wp\/wp-content\/uploads\/2023\/07\/20230711_141414-1920x1080-1-1536x864.jpg 1536w, https:\/\/www.hallo-wippingen.de\/wp\/wp-content\/uploads\/2023\/07\/20230711_141414-1920x1080-1-150x84.jpg 150w, https:\/\/www.hallo-wippingen.de\/wp\/wp-content\/uploads\/2023\/07\/20230711_141414-1920x1080-1-400x225.jpg 400w, https:\/\/www.hallo-wippingen.de\/wp\/wp-content\/uploads\/2023\/07\/20230711_141414-1920x1080-1.jpg 1920w\" sizes=\"(max-width: 1024px) 100vw, 1024px\" \/><\/a><\/figure><\/div>\n\n\n\n<p>Das B\u00fcndnis Klinikrettung hat unter dem Titel \u201eKrankenhausreform. Verordneter Kahlschlag\u201c eine neue Ausgabe der Zeitung zu der von Bundesgesundheitsminister Karl Lauterbach geplanten Krankenhausreform ver\u00f6ffentlicht. Im Titelbeitrag der Redaktion werden die aktuellen Reformvorschl\u00e4ge analysiert und die Rolle der Landespolitiker kritisch beleuchtet.<\/p>\n\n\n\n<p>Die Zeitung steht <a rel=\"noreferrer noopener\" href=\"https:\/\/www.gemeingut.org\/wordpress\/wp-content\/uploads\/2023\/07\/gib_kh.juli2023_DOWNLOAD_100723.pdf\" target=\"_blank\">online als PDF-Datei<\/a> zur Verf\u00fcgung. [jdm]<\/p>\n","protected":false},"excerpt":{"rendered":"<p>Das B\u00fcndnis Klinikrettung hat unter dem Titel \u201eKrankenhausreform. Verordneter Kahlschlag\u201c eine neue Ausgabe der Zeitung zu der von Bundesgesundheitsminister Karl Lauterbach geplanten Krankenhausreform ver\u00f6ffentlicht. Im Titelbeitrag der Redaktion werden die aktuellen Reformvorschl\u00e4ge analysiert und die Rolle der Landespolitiker kritisch beleuchtet. Die Zeitung steht online als PDF-Datei zur Verf\u00fcgung. [jdm]<\/p>\n","protected":false},"author":3,"featured_media":0,"comment_status":"closed","ping_status":"closed","sticky":false,"template":"","format":"standard","meta":[],"categories":[322,19,31],"tags":[1192,1242,1398],"_links":{"self":[{"href":"https:\/\/www.hallo-wippingen.de\/wp\/wp-json\/wp\/v2\/posts\/13324"}],"collection":[{"href":"https:\/\/www.hallo-wippingen.de\/wp\/wp-json\/wp\/v2\/posts"}],"about":[{"href":"https:\/\/www.hallo-wippingen.de\/wp\/wp-json\/wp\/v2\/types\/post"}],"author":[{"embeddable":true,"href":"https:\/\/www.hallo-wippingen.de\/wp\/wp-json\/wp\/v2\/users\/3"}],"replies":[{"embeddable":true,"href":"https:\/\/www.hallo-wippingen.de\/wp\/wp-json\/wp\/v2\/comments?post=13324"}],"version-history":[{"count":4,"href":"https:\/\/www.hallo-wippingen.de\/wp\/wp-json\/wp\/v2\/posts\/13324\/revisions"}],"predecessor-version":[{"id":13339,"href":"https:\/\/www.hallo-wippingen.de\/wp\/wp-json\/wp\/v2\/posts\/13324\/revisions\/13339"}],"wp:attachment":[{"href":"https:\/\/www.hallo-wippingen.de\/wp\/wp-json\/wp\/v2\/media?parent=13324"}],"wp:term":[{"taxonomy":"category","embeddable":true,"href":"https:\/\/www.hallo-wippingen.de\/wp\/wp-json\/wp\/v2\/categories?post=13324"},{"taxonomy":"post_tag","embeddable":true,"href":"https:\/\/www.hallo-wippingen.de\/wp\/wp-json\/wp\/v2\/tags?post=13324"}],"curies":[{"name":"wp","href":"https:\/\/api.w.org\/{rel}","templated":true}]}}