{"id":11506,"date":"2023-01-27T21:50:31","date_gmt":"2023-01-27T20:50:31","guid":{"rendered":"https:\/\/www.hallo-wippingen.de\/wp\/?p=11506"},"modified":"2023-01-28T14:43:36","modified_gmt":"2023-01-28T13:43:36","slug":"gemeinderatssitzung-boulplatz-beschlossen-wippingen-app-ist-freigeschaltet","status":"publish","type":"post","link":"https:\/\/www.hallo-wippingen.de\/wp\/2023\/01\/gemeinderatssitzung-boulplatz-beschlossen-wippingen-app-ist-freigeschaltet\/","title":{"rendered":"Gemeinderatssitzung: Bouleplatz beschlossen &#8211; Wippingen-App ist freigeschaltet"},"content":{"rendered":"\n<p>Drei Themen standen heute auf der Tagesordnung der \u00f6ffentlichen Sitzung der Gemeinde Wippingen. Beim Antrag des Kreisheimatvereins auf die \u00dcbernahme der H\u00e4lfte der Versicherungskosten f\u00fcr die Durchfahrtsm\u00fchle wurde vom Gemeinderat hinterfragt, was sich denn ge\u00e4ndert habe, dass jetzt dieser Antrag gestellt wurde. Weil die Bedeutung der M\u00fchle als Wahrzeichen Wippingens nicht in Frage gestellt wurde, bewilligte der Gemeinderat abweichend vom Antrag einen festen Zuschuss in H\u00f6he von 1000 \u20ac. Sollte mehr gebraucht werden, erwarte man eine genauere Begr\u00fcndung vom Kreisheimatverein.<\/p>\n\n\n\n<p>Der Anregung von B\u00fcrgern auf einer Gemeinderatssitzung vom 24.10.2022 folgend stie\u00df B\u00fcrgermeister Martin Hempen auf ein Jugend-F\u00f6rderprogramm &#8222;<a rel=\"noreferrer noopener\" href=\"https:\/\/soziales.niedersachsen.de\/Startklar-in-die-Zukunft\/aktionsprogramm-startklar-in-die-zukunft-205075.html\" target=\"_blank\">Startklar in die Zukunft<\/a>&#8222;, das das nieders\u00e4chsische Sozialministerium aufgelegt hatte, aus dem jetzt eine F\u00f6rderung f\u00fcr den Bau eines <a rel=\"noreferrer noopener\" href=\"https:\/\/de.wikipedia.org\/wiki\/Boule\" target=\"_blank\">Bouleplatzes <\/a>beantragt werden konnte. Der Gemeinderat beschloss den Eigenanteil zu tragen. Gekl\u00e4rt werden m\u00fcssen noch der genaue Ort der Anlage und die Ausgestaltung. Fest steht aber schon, dass die beiden Boulepl\u00e4tze zusammen das Ma\u00df 15 mal 18 Meter haben, eine Umz\u00e4unung und eine Sitzgelegenheit haben werden. Im Rat wurde diskutiert, welche Ausma\u00dfe der Zaun haben soll (vielleicht Gestaltung als Rundum-Sitzgelegenheit?) und wogegen er sch\u00fctzen soll (vor Motorrad-\/Mopedfahrern und Hundekot). Die vorhandenen Pl\u00e4tze in den D\u00f6rfern rundum werden sehr unterschiedlich von intensiv bis gar nicht angenommen.<\/p>\n\n\n\n<div class=\"wp-block-image\"><figure class=\"alignright size-large is-resized\"><a href=\"https:\/\/www.hallo-wippingen.de\/wp\/wp-content\/uploads\/2023\/01\/Screenshot_20230127_213228_Wippingen-App.jpg\" target=\"_blank\" rel=\"noopener\"><img loading=\"lazy\" src=\"https:\/\/www.hallo-wippingen.de\/wp\/wp-content\/uploads\/2023\/01\/Screenshot_20230127_213228_Wippingen-App-461x1024.jpg\" alt=\"\" class=\"wp-image-11510\" width=\"115\" height=\"256\" srcset=\"https:\/\/www.hallo-wippingen.de\/wp\/wp-content\/uploads\/2023\/01\/Screenshot_20230127_213228_Wippingen-App-461x1024.jpg 461w, https:\/\/www.hallo-wippingen.de\/wp\/wp-content\/uploads\/2023\/01\/Screenshot_20230127_213228_Wippingen-App-135x300.jpg 135w, https:\/\/www.hallo-wippingen.de\/wp\/wp-content\/uploads\/2023\/01\/Screenshot_20230127_213228_Wippingen-App-768x1707.jpg 768w, https:\/\/www.hallo-wippingen.de\/wp\/wp-content\/uploads\/2023\/01\/Screenshot_20230127_213228_Wippingen-App-691x1536.jpg 691w, https:\/\/www.hallo-wippingen.de\/wp\/wp-content\/uploads\/2023\/01\/Screenshot_20230127_213228_Wippingen-App-922x2048.jpg 922w, https:\/\/www.hallo-wippingen.de\/wp\/wp-content\/uploads\/2023\/01\/Screenshot_20230127_213228_Wippingen-App-68x150.jpg 68w, https:\/\/www.hallo-wippingen.de\/wp\/wp-content\/uploads\/2023\/01\/Screenshot_20230127_213228_Wippingen-App-400x889.jpg 400w, https:\/\/www.hallo-wippingen.de\/wp\/wp-content\/uploads\/2023\/01\/Screenshot_20230127_213228_Wippingen-App.jpg 1080w\" sizes=\"(max-width: 115px) 100vw, 115px\" \/><\/a><\/figure><\/div>\n\n\n\n<p>Jonas Schwering und Marlies Berling stellten die Wippingen APP vor, die ab heute in den AppStores heruntergeladen werden kann. Schwering sagte, man habe versucht die App schlank zu halten. Dennoch hat sie eine Vielzahl von Funktionen. Zentral sind der Terminkalender und die Belegungskalender f\u00fcr die Mehrzweckhalle und das Gemeindezentrum. Weitere Punkte sind: M\u00f6glichkeit der Vereine zur Selbstdarstellung, Angebotsflyer des Dorfladens, Anzeigen-Marktplatz, M\u00e4ngelmelder, Notdienste. Die Wippingen-App solle keine Konkurrenz zu Hallo-Wippingen darstellen, sondern eine Erg\u00e4nzung.<\/p>\n\n\n\n<p>Der Ausbau der Kreisstra\u00dfe 114 im Ortsbereich soll nach neuester Meldung des Landkreises am 6. M\u00e4rz beginnen und bis zum 30.06.2023 dauern. Die Umleitung wird weitr\u00e4umig \u00fcber Neub\u00f6rger\/B\u00f6rger nach Werpeloh f\u00fchren. Ortskundige PKW-Fahrer w\u00fcrden nat\u00fcrlich \u00fcber die kleinen Stra\u00dfen zu ihren H\u00e4usern fahren. Wichtig sei es hier, beim Begegnungsverkehr auch mal zu warten, um die Sch\u00e4den in den Stra\u00dfenseitenr\u00e4umen klein zu halten. Vier Bauabschnitte sind geplant: BA 1 Einm\u00fcndung Kluser Stra\u00dfe bis Kindergarten, BA 2 Kindergarten bis Eichenkamp, BA 3 Eichenkamp bis Einfahrt Harpel, BA 4 das kurze St\u00fcck von der Einfahrt Harpel bis zum bereits fertiggestellten Teil der K114 beim Sandpoelgraben.<\/p>\n\n\n\n<p>Der B\u00fcrgermeister berichtete, dass der &#8222;Herzog&#8220; an die Samtgemeinde D\u00f6rpen vermietet wurde und als Fl\u00fcchtlingsunterkunft dienen soll.<\/p>\n\n\n\n<p>In der B\u00fcrgerfragestunde wurde von Jan Deters gefragt, warum die Blumenwiese im Baugebiet Sonderburgstra\u00dfe gem\u00e4ht wurde und das M\u00e4hgut nicht entfernt wurde. Eine Blumenwiese k\u00f6nne nur funktionieren, wenn sie nach der ersten Bl\u00fcteperiode im Sp\u00e4tsommer gem\u00e4ht werde und im Herbst ein zweites Mal und wenn das M\u00e4hgut jeweils entfernt werde, um den N\u00e4hrstoffgehalt des Bodens zu verringern. Das ehrenamtliche Engagement werde durch das jetzige Vorgehen nicht gerade wertgesch\u00e4tzt. Hempen erkl\u00e4rte, die Fl\u00e4che sei nach Beschwerden von Anwohnern \u00fcber die Unansehnlichkeit der Fl\u00e4che gem\u00e4ht worden. Leider sei hier nicht fachlich vorgegangen worden und das M\u00e4hgut gemulcht worden. Er werde sicherstellen, dass in Zukunft fachgerecht vorgegangen werde. [<em>jdm<\/em>]<\/p>\n","protected":false},"excerpt":{"rendered":"<p>Drei Themen standen heute auf der Tagesordnung der \u00f6ffentlichen Sitzung der Gemeinde Wippingen. Beim Antrag des Kreisheimatvereins auf die \u00dcbernahme der H\u00e4lfte der Versicherungskosten f\u00fcr die Durchfahrtsm\u00fchle wurde vom Gemeinderat hinterfragt, was sich denn ge\u00e4ndert habe, dass jetzt dieser Antrag gestellt wurde. Weil die Bedeutung der M\u00fchle als Wahrzeichen Wippingens nicht in Frage gestellt wurde, [&hellip;]<\/p>\n","protected":false},"author":3,"featured_media":0,"comment_status":"closed","ping_status":"closed","sticky":false,"template":"","format":"standard","meta":[],"categories":[4],"tags":[1410,313,703,1548,1547],"_links":{"self":[{"href":"https:\/\/www.hallo-wippingen.de\/wp\/wp-json\/wp\/v2\/posts\/11506"}],"collection":[{"href":"https:\/\/www.hallo-wippingen.de\/wp\/wp-json\/wp\/v2\/posts"}],"about":[{"href":"https:\/\/www.hallo-wippingen.de\/wp\/wp-json\/wp\/v2\/types\/post"}],"author":[{"embeddable":true,"href":"https:\/\/www.hallo-wippingen.de\/wp\/wp-json\/wp\/v2\/users\/3"}],"replies":[{"embeddable":true,"href":"https:\/\/www.hallo-wippingen.de\/wp\/wp-json\/wp\/v2\/comments?post=11506"}],"version-history":[{"count":10,"href":"https:\/\/www.hallo-wippingen.de\/wp\/wp-json\/wp\/v2\/posts\/11506\/revisions"}],"predecessor-version":[{"id":11524,"href":"https:\/\/www.hallo-wippingen.de\/wp\/wp-json\/wp\/v2\/posts\/11506\/revisions\/11524"}],"wp:attachment":[{"href":"https:\/\/www.hallo-wippingen.de\/wp\/wp-json\/wp\/v2\/media?parent=11506"}],"wp:term":[{"taxonomy":"category","embeddable":true,"href":"https:\/\/www.hallo-wippingen.de\/wp\/wp-json\/wp\/v2\/categories?post=11506"},{"taxonomy":"post_tag","embeddable":true,"href":"https:\/\/www.hallo-wippingen.de\/wp\/wp-json\/wp\/v2\/tags?post=11506"}],"curies":[{"name":"wp","href":"https:\/\/api.w.org\/{rel}","templated":true}]}}