{"id":10242,"date":"2022-09-18T15:10:04","date_gmt":"2022-09-18T13:10:04","guid":{"rendered":"https:\/\/www.hallo-wippingen.de\/wp\/?p=10242"},"modified":"2022-09-18T15:10:06","modified_gmt":"2022-09-18T13:10:06","slug":"verkehrsueberwachung-152","status":"publish","type":"post","link":"https:\/\/www.hallo-wippingen.de\/wp\/2022\/09\/verkehrsueberwachung-152\/","title":{"rendered":"Verkehrs\u00fcberwachung"},"content":{"rendered":"\n<p>Im Landkreis Emsland m\u00fcssen die Autofahrerinnen und -fahrer an folgenden Tagen und in folgenden Orten mit einer verst\u00e4rkten Verkehrs\u00fcberwachung rechnen:<br>Montag, 19.09.2022: Neumehringen, Adorf<br>Dienstag, 20.09.2022: Schapen, Lahn<br>Mittwoch, 21.09.2022: Gro\u00df Fullen, Flechum<br>Donnerstag, 22.09.2022: Bockholte, <strong>Herbrum<\/strong><br>Freitag, 23.09.2022: Lehrte, Gersten<br>Samstag, 24.09.2022: Neurhede<br>Sonntag, 25.09.2021: Salzbergen<br>Dar\u00fcber hinaus kann es weitere Kontrollen im gesamten Kreisgebiet geben. [<em>Landkreis Emsland<\/em>]<\/p>\n","protected":false},"excerpt":{"rendered":"<p>Im Landkreis Emsland m\u00fcssen die Autofahrerinnen und -fahrer an folgenden Tagen und in folgenden Orten mit einer verst\u00e4rkten Verkehrs\u00fcberwachung rechnen:Montag, 19.09.2022: Neumehringen, AdorfDienstag, 20.09.2022: Schapen, LahnMittwoch, 21.09.2022: Gro\u00df Fullen, FlechumDonnerstag, 22.09.2022: Bockholte, HerbrumFreitag, 23.09.2022: Lehrte, GerstenSamstag, 24.09.2022: NeurhedeSonntag, 25.09.2021: SalzbergenDar\u00fcber hinaus kann es weitere Kontrollen im gesamten Kreisgebiet geben. [Landkreis Emsland]<\/p>\n","protected":false},"author":3,"featured_media":0,"comment_status":"closed","ping_status":"closed","sticky":false,"template":"","format":"standard","meta":[],"categories":[32],"tags":[83],"_links":{"self":[{"href":"https:\/\/www.hallo-wippingen.de\/wp\/wp-json\/wp\/v2\/posts\/10242"}],"collection":[{"href":"https:\/\/www.hallo-wippingen.de\/wp\/wp-json\/wp\/v2\/posts"}],"about":[{"href":"https:\/\/www.hallo-wippingen.de\/wp\/wp-json\/wp\/v2\/types\/post"}],"author":[{"embeddable":true,"href":"https:\/\/www.hallo-wippingen.de\/wp\/wp-json\/wp\/v2\/users\/3"}],"replies":[{"embeddable":true,"href":"https:\/\/www.hallo-wippingen.de\/wp\/wp-json\/wp\/v2\/comments?post=10242"}],"version-history":[{"count":1,"href":"https:\/\/www.hallo-wippingen.de\/wp\/wp-json\/wp\/v2\/posts\/10242\/revisions"}],"predecessor-version":[{"id":10243,"href":"https:\/\/www.hallo-wippingen.de\/wp\/wp-json\/wp\/v2\/posts\/10242\/revisions\/10243"}],"wp:attachment":[{"href":"https:\/\/www.hallo-wippingen.de\/wp\/wp-json\/wp\/v2\/media?parent=10242"}],"wp:term":[{"taxonomy":"category","embeddable":true,"href":"https:\/\/www.hallo-wippingen.de\/wp\/wp-json\/wp\/v2\/categories?post=10242"},{"taxonomy":"post_tag","embeddable":true,"href":"https:\/\/www.hallo-wippingen.de\/wp\/wp-json\/wp\/v2\/tags?post=10242"}],"curies":[{"name":"wp","href":"https:\/\/api.w.org\/{rel}","templated":true}]}}